{"id":1300,"date":"2021-06-03T15:14:23","date_gmt":"2021-06-03T13:14:23","guid":{"rendered":"https:\/\/agora.xtec.cat\/esc-serradecollbas\/?p=1300"},"modified":"2021-06-03T15:14:23","modified_gmt":"2021-06-03T13:14:23","slug":"celebrem-el-dia-mundial-de-la-bicicleta","status":"publish","type":"post","link":"https:\/\/agora.xtec.cat\/esc-serradecollbas\/infantil\/celebrem-el-dia-mundial-de-la-bicicleta\/","title":{"rendered":"Celebrem el dia mundial de la bicicleta!"},"content":{"rendered":"<p>Ahir va ser un dia tan especial!<\/p>\n<p>Portem tot el curs amb el nom de la classe de les bicicletes i just avui n&#8217;\u00e9s el dia mundial!<\/p>\n<p>Ahir la Roser ens va preparar un circuit ben divertit i tots vam venir amb les nostres bicicletes de casa. Vam poder fer voltes, tantes com vam voler. Amb ordre, que per aix\u00f2 ja coneixem algunes senyals: stop, rotonda, sem\u00e0for, etc.<\/p>\n<p>Despr\u00e9s de tot el curs, aquesta \u00e9s la millor celebraci\u00f3 possible!<\/p>\n<p>Si ho voleu veure nom\u00e9s cal que cliqueu a la seg\u00fcent fotografia.<\/p>\n<p><a href=\"https:\/\/photos.app.goo.gl\/YQi29Hh4bNMXLeY88\"><img loading=\"lazy\" decoding=\"async\" class=\"alignnone size-large\" src=\"https:\/\/lh3.googleusercontent.com\/i-sBSAUfujWUo9ACGrxaWzeYl5Y62QPcp9FsCfJJiaS5PzmXCpHRW63FMwbFwxmqKs7x79olYb2hKepXDeexTXgYxkzfaa6a8HofEVVTR7nosPea3Z9BSz6Q02Ybb-SQK_7DoHw5quPL67UIHkTLen0iWw65NZ5yMN6AJng7WVJj5nmxM_8FxMRlCK5ts4wXDtmbB2iTguqmz48UUIE037Phh4OMpeGgjTCcfJNIKAHIQija0Ysd7o2tIPvJoEfqr6uJkUDiN_G0Df6ShbRstDaKmr53Jd_S92kX0Q6R0_YyavcJedzmdANULwKh15YiXrnfQSwFnFIP3oPmXlRmnVDtF4e9jBnEAYcRVmL_LiWLtLUICXHm99RpsqNgJAwP3YT4aBaPoWadUYZnbg5d_GcRpTJgr3t9mUe2YkzcjApPEUkWbkwLa2VXA7fPAVgK3esYBpohDf9RW6xNZA7vJWMg8_ly6R3ankBSjKbuBC9v6NP3KA0LvG4ls-L6birgoNZK6HspKdhSF4PLS311v8mbM3XZsNmhNhPLzY2vq8BLDWkebvR5sOKiur66H6S5i4B7xmbdHYH9o8q3fRbhbkuMEAbvBw3tLJrkBXINKADVVcZGTHOsYiXacBAa5NodxyLSg9XzlvyMGkv0KK1AEyxcGmwtEL8YIudjkASb0YfxWADiV2MoXmUA_Ax6ECkXHs1eqjMUmDvP85Xe54C_1J4=w1250-h937-no?authuser=1\" width=\"1249\" height=\"937\" \/><\/a><\/p>\n<p>&nbsp;<\/p>\n","protected":false},"excerpt":{"rendered":"<p>Ahir va ser un dia tan especial! Portem tot el curs amb el nom de la classe de les bicicletes i just avui n&#8217;\u00e9s el dia mundial! Ahir la Roser ens va preparar un circuit ben divertit i tots vam venir amb les nostres bicicletes de casa. Vam poder fer voltes, tantes com vam voler. [&hellip;]<\/p>\n","protected":false},"author":1,"featured_media":0,"comment_status":"open","ping_status":"closed","sticky":false,"template":"","format":"standard","meta":{"_bbp_topic_count":0,"_bbp_reply_count":0,"_bbp_total_topic_count":0,"_bbp_total_reply_count":0,"_bbp_voice_count":0,"_bbp_anonymous_reply_count":0,"_bbp_topic_count_hidden":0,"_bbp_reply_count_hidden":0,"_bbp_forum_subforum_count":0,"site-sidebar-layout":"default","site-content-layout":"","ast-site-content-layout":"","site-content-style":"default","site-sidebar-style":"default","ast-global-header-display":"","ast-banner-title-visibility":"","ast-main-header-display":"","ast-hfb-above-header-display":"","ast-hfb-below-header-display":"","ast-hfb-mobile-header-display":"","site-post-title":"","ast-breadcrumbs-content":"","ast-featured-img":"","footer-sml-layout":"","theme-transparent-header-meta":"","adv-header-id-meta":"","stick-header-meta":"","header-above-stick-meta":"","header-main-stick-meta":"","header-below-stick-meta":"","astra-migrate-meta-layouts":"default","ast-page-background-enabled":"default","ast-page-background-meta":{"desktop":{"background-color":"var(--ast-global-color-4)","background-image":"","background-repeat":"repeat","background-position":"center center","background-size":"auto","background-attachment":"scroll","background-type":"","background-media":"","overlay-type":"","overlay-color":"","overlay-opacity":"","overlay-gradient":""},"tablet":{"background-color":"","background-image":"","background-repeat":"repeat","background-position":"center center","background-size":"auto","background-attachment":"scroll","background-type":"","background-media":"","overlay-type":"","overlay-color":"","overlay-opacity":"","overlay-gradient":""},"mobile":{"background-color":"","background-image":"","background-repeat":"repeat","background-position":"center center","background-size":"auto","background-attachment":"scroll","background-type":"","background-media":"","overlay-type":"","overlay-color":"","overlay-opacity":"","overlay-gradient":""}},"ast-content-background-meta":{"desktop":{"background-color":"var(--ast-global-color-5)","background-image":"","background-repeat":"repeat","background-position":"center center","background-size":"auto","background-attachment":"scroll","background-type":"","background-media":"","overlay-type":"","overlay-color":"","overlay-opacity":"","overlay-gradient":""},"tablet":{"background-color":"var(--ast-global-color-5)","background-image":"","background-repeat":"repeat","background-position":"center center","background-size":"auto","background-attachment":"scroll","background-type":"","background-media":"","overlay-type":"","overlay-color":"","overlay-opacity":"","overlay-gradient":""},"mobile":{"background-color":"var(--ast-global-color-5)","background-image":"","background-repeat":"repeat","background-position":"center center","background-size":"auto","background-attachment":"scroll","background-type":"","background-media":"","overlay-type":"","overlay-color":"","overlay-opacity":"","overlay-gradient":""}},"footnotes":""},"categories":[2,4],"tags":[],"class_list":["post-1300","post","type-post","status-publish","format-standard","hentry","category-infantil","category-portada"],"post_mailing_queue_ids":[],"_links":{"self":[{"href":"https:\/\/agora.xtec.cat\/esc-serradecollbas\/wp-json\/wp\/v2\/posts\/1300","targetHints":{"allow":["GET"]}}],"collection":[{"href":"https:\/\/agora.xtec.cat\/esc-serradecollbas\/wp-json\/wp\/v2\/posts"}],"about":[{"href":"https:\/\/agora.xtec.cat\/esc-serradecollbas\/wp-json\/wp\/v2\/types\/post"}],"author":[{"embeddable":true,"href":"https:\/\/agora.xtec.cat\/esc-serradecollbas\/wp-json\/wp\/v2\/users\/1"}],"replies":[{"embeddable":true,"href":"https:\/\/agora.xtec.cat\/esc-serradecollbas\/wp-json\/wp\/v2\/comments?post=1300"}],"version-history":[{"count":1,"href":"https:\/\/agora.xtec.cat\/esc-serradecollbas\/wp-json\/wp\/v2\/posts\/1300\/revisions"}],"predecessor-version":[{"id":1301,"href":"https:\/\/agora.xtec.cat\/esc-serradecollbas\/wp-json\/wp\/v2\/posts\/1300\/revisions\/1301"}],"wp:attachment":[{"href":"https:\/\/agora.xtec.cat\/esc-serradecollbas\/wp-json\/wp\/v2\/media?parent=1300"}],"wp:term":[{"taxonomy":"category","embeddable":true,"href":"https:\/\/agora.xtec.cat\/esc-serradecollbas\/wp-json\/wp\/v2\/categories?post=1300"},{"taxonomy":"post_tag","embeddable":true,"href":"https:\/\/agora.xtec.cat\/esc-serradecollbas\/wp-json\/wp\/v2\/tags?post=1300"}],"curies":[{"name":"wp","href":"https:\/\/api.w.org\/{rel}","templated":true}]}}