{"id":1209,"date":"2021-05-11T13:18:02","date_gmt":"2021-05-11T11:18:02","guid":{"rendered":"https:\/\/agora.xtec.cat\/esc-serradecollbas\/?p=1209"},"modified":"2021-05-11T13:18:02","modified_gmt":"2021-05-11T11:18:02","slug":"ha-vingut-lanna-de-cal-tino","status":"publish","type":"post","link":"https:\/\/agora.xtec.cat\/esc-serradecollbas\/general\/ha-vingut-lanna-de-cal-tino\/","title":{"rendered":"HA VINGUT L&#8217;ANNA DE CAL TINO!"},"content":{"rendered":"<p>Hola de nou fam\u00edlies, <\/p>\n<p>Com que els alumnes de Cicle Mitj\u00e0 hem treballat les plantes, avui l\u2019Anna de Cal Tino ha vingut a l\u2019escola a explicar-nos moltes coses interessants que ens ha anat molt b\u00e9 per acabar d\u2019entendre tot el qu\u00e8 hem apr\u00e8s les \u00faltimes setmanes. Despr\u00e9s de l\u2019explicaci\u00f3, entre tots hem plantat unes quantes plantes al nostre pati.<br \/>\nEns ho hem passat molt b\u00e9 fent de jardiners!<\/p>\n<p>Voleu veure les nostres cares? Doncs cliqueu la fotografia:<\/p>\n<p><a href=\"https:\/\/photos.app.goo.gl\/PRmodVsDbpyg9TCL6\"><img loading=\"lazy\" decoding=\"async\" src=\"https:\/\/lh3.googleusercontent.com\/eGYH2OMGHgjIjKCJKFl0MgLEk229cof0p1iFNEf7RMdOtnmoK3sDqxlZaU2wmGwPoa4WVGqS4R2Qrp72ckFBPcDJLP5tgbgIidAVUIIUGFFw2b-aUnOyGRUg9SQlkGUDFn6mMTS2lKj0MNRkiyHKbhN49C7cgzVEz0X-9_gs9wxWvAlG18hjhIUazsA1XMAxJqdhHPi3kTd-qbdlEKZgjwyWsAfk3fNtprU_mz6D7566I1G-Th2D9DQCqlIS-RQJ7NtOdt85_Wzqh2LdvbI-hi6oNqUDtvRDtiqRrfJOI8s6dsyPME4jQw_2nwwGwMQaXUtxz2hGh85m6POWhAsQo6t2Cidz3uNjOWgPJo5HLIH2GA5OwcRKTpUrGxBhLnk6CvPEpmLNtAvTYSh5M_88buy2rZdkPKRA15PKG3gQq92_6c77XPyiC8xNbjA2CKmieb1dGzfksiXafK41OJlSw8XicdtDY9TMATUbEO4rH4KBHSNpKNoTzZCFZgg8hhdo4lwhZUn7SqGz7HZasun072n2H_rSIx8cGx7ykl-yRyWGswvX0yrmK96yP6nawCTEMj7uksmfO-lGlGx8X4_BAMGYTnreGsKZVAbA1zEw8pKgeW_vSjewABBBMj9PwLyO_Vxmeq93ma7vgA8gXhg4gr2A0_Dsi-xACeD9p8FRA39qNkzwTS1lOPBiKLDRpuh0nBz0hxrulog7tyxSjmpqva8=w642-h856-no?authuser=1\" width=\"642\" height=\"856\" class=\"alignnone size-large\" \/><\/a><\/p>\n","protected":false},"excerpt":{"rendered":"<p>Hola de nou fam\u00edlies, Com que els alumnes de Cicle Mitj\u00e0 hem treballat les plantes, avui l\u2019Anna de Cal Tino ha vingut a l\u2019escola a explicar-nos moltes coses interessants que ens ha anat molt b\u00e9 per acabar d\u2019entendre tot el qu\u00e8 hem apr\u00e8s les \u00faltimes setmanes. Despr\u00e9s de l\u2019explicaci\u00f3, entre tots hem plantat unes quantes [&hellip;]<\/p>\n","protected":false},"author":7,"featured_media":0,"comment_status":"open","ping_status":"closed","sticky":false,"template":"","format":"standard","meta":{"_bbp_topic_count":0,"_bbp_reply_count":0,"_bbp_total_topic_count":0,"_bbp_total_reply_count":0,"_bbp_voice_count":0,"_bbp_anonymous_reply_count":0,"_bbp_topic_count_hidden":0,"_bbp_reply_count_hidden":0,"_bbp_forum_subforum_count":0,"site-sidebar-layout":"default","site-content-layout":"","ast-site-content-layout":"","site-content-style":"default","site-sidebar-style":"default","ast-global-header-display":"","ast-banner-title-visibility":"","ast-main-header-display":"","ast-hfb-above-header-display":"","ast-hfb-below-header-display":"","ast-hfb-mobile-header-display":"","site-post-title":"","ast-breadcrumbs-content":"","ast-featured-img":"","footer-sml-layout":"","theme-transparent-header-meta":"","adv-header-id-meta":"","stick-header-meta":"","header-above-stick-meta":"","header-main-stick-meta":"","header-below-stick-meta":"","astra-migrate-meta-layouts":"default","ast-page-background-enabled":"default","ast-page-background-meta":{"desktop":{"background-color":"var(--ast-global-color-4)","background-image":"","background-repeat":"repeat","background-position":"center center","background-size":"auto","background-attachment":"scroll","background-type":"","background-media":"","overlay-type":"","overlay-color":"","overlay-opacity":"","overlay-gradient":""},"tablet":{"background-color":"","background-image":"","background-repeat":"repeat","background-position":"center center","background-size":"auto","background-attachment":"scroll","background-type":"","background-media":"","overlay-type":"","overlay-color":"","overlay-opacity":"","overlay-gradient":""},"mobile":{"background-color":"","background-image":"","background-repeat":"repeat","background-position":"center center","background-size":"auto","background-attachment":"scroll","background-type":"","background-media":"","overlay-type":"","overlay-color":"","overlay-opacity":"","overlay-gradient":""}},"ast-content-background-meta":{"desktop":{"background-color":"var(--ast-global-color-5)","background-image":"","background-repeat":"repeat","background-position":"center center","background-size":"auto","background-attachment":"scroll","background-type":"","background-media":"","overlay-type":"","overlay-color":"","overlay-opacity":"","overlay-gradient":""},"tablet":{"background-color":"var(--ast-global-color-5)","background-image":"","background-repeat":"repeat","background-position":"center center","background-size":"auto","background-attachment":"scroll","background-type":"","background-media":"","overlay-type":"","overlay-color":"","overlay-opacity":"","overlay-gradient":""},"mobile":{"background-color":"var(--ast-global-color-5)","background-image":"","background-repeat":"repeat","background-position":"center center","background-size":"auto","background-attachment":"scroll","background-type":"","background-media":"","overlay-type":"","overlay-color":"","overlay-opacity":"","overlay-gradient":""}},"footnotes":""},"categories":[12,1,4,5],"tags":[],"class_list":["post-1209","post","type-post","status-publish","format-standard","hentry","category-3r-4t","category-general","category-portada","category-primaria"],"post_mailing_queue_ids":[],"_links":{"self":[{"href":"https:\/\/agora.xtec.cat\/esc-serradecollbas\/wp-json\/wp\/v2\/posts\/1209","targetHints":{"allow":["GET"]}}],"collection":[{"href":"https:\/\/agora.xtec.cat\/esc-serradecollbas\/wp-json\/wp\/v2\/posts"}],"about":[{"href":"https:\/\/agora.xtec.cat\/esc-serradecollbas\/wp-json\/wp\/v2\/types\/post"}],"author":[{"embeddable":true,"href":"https:\/\/agora.xtec.cat\/esc-serradecollbas\/wp-json\/wp\/v2\/users\/7"}],"replies":[{"embeddable":true,"href":"https:\/\/agora.xtec.cat\/esc-serradecollbas\/wp-json\/wp\/v2\/comments?post=1209"}],"version-history":[{"count":1,"href":"https:\/\/agora.xtec.cat\/esc-serradecollbas\/wp-json\/wp\/v2\/posts\/1209\/revisions"}],"predecessor-version":[{"id":1210,"href":"https:\/\/agora.xtec.cat\/esc-serradecollbas\/wp-json\/wp\/v2\/posts\/1209\/revisions\/1210"}],"wp:attachment":[{"href":"https:\/\/agora.xtec.cat\/esc-serradecollbas\/wp-json\/wp\/v2\/media?parent=1209"}],"wp:term":[{"taxonomy":"category","embeddable":true,"href":"https:\/\/agora.xtec.cat\/esc-serradecollbas\/wp-json\/wp\/v2\/categories?post=1209"},{"taxonomy":"post_tag","embeddable":true,"href":"https:\/\/agora.xtec.cat\/esc-serradecollbas\/wp-json\/wp\/v2\/tags?post=1209"}],"curies":[{"name":"wp","href":"https:\/\/api.w.org\/{rel}","templated":true}]}}