{"id":1068,"date":"2021-03-24T13:00:23","date_gmt":"2021-03-24T12:00:23","guid":{"rendered":"https:\/\/agora.xtec.cat\/esc-serradecollbas\/?p=1068"},"modified":"2021-11-29T10:29:37","modified_gmt":"2021-11-29T09:29:37","slug":"netegem-el-rec","status":"publish","type":"post","link":"https:\/\/agora.xtec.cat\/esc-serradecollbas\/general\/netegem-el-rec\/","title":{"rendered":"NETEGEM EL REC!"},"content":{"rendered":"<p>Bon dia fam\u00edlies,<\/p>\n<p>Avui la classe de l&#8217;amistat hem donat per acabat el projecte &#8220;Qu\u00e8 passaria si s&#8217;assequ\u00e9s el REC de Carme&#8221; amb una activitat molt solid\u00e0ria: a partir del treball de la contaminaci\u00f3, ens hem posat guants, hem agafat bosses i hem anat a netejar el REC.<\/p>\n<p>Doncs b\u00e9, aquesta activitat ens ha servit per prendre consci\u00e8ncia de la import\u00e0ncia que t\u00e9 no contaminar el nostre entorn. Hem al\u00b7lucinat amb la quantitat de residus que hem recollit i hem portat a la deixalleria i per aix\u00f2, volem donar un missatge molt important:<br \/>\n&#8220;Mantenim net el nostre entorn!&#8221;<\/p>\n<p>Per cert, voleu veure vosaltres mateixos tot el que hem recollit? Doncs cliqueu la seg\u00fcent fotografia.<\/p>\n<p><a href=\"https:\/\/photos.app.goo.gl\/crgnK5gxBkT5jxCj9\"><img loading=\"lazy\" decoding=\"async\" class=\"alignnone size-large\" src=\"https:\/\/lh3.googleusercontent.com\/gb6QrvTAfYuBWRDm2fMrZBotD1b_3jv1kx4Dd_5y7XwnxOV4tOGsArDa_nnK2WkOT72dWG34mqiFrJfdeqECM2CtjnIEPm5pUmOTomGD6p11eVlLy0NFZrFhXmDRFZYq5TH2DSBtEdH2MqkRmQ9wsOw8nIG73Z7gPqf3n38MJqQBIh7mtjoqlhhzEZRFdASOGQY_JXSNiTns-gJHa2RZEe66HXJpfGAZL49eCP31wGlABIHKo7nhW21ZFZh-MpJDDqtceA9-9HRWdSSZ7KPIL4B1P_SQ7PBp2tBBROi6CjL61QFJtUbabUb5mHOxjB1Kbc5qr_Fr9RD5cuA_xSXyZKs9Yvl9NCqHk1k2iaLYuKgixYIdbfK9QqmEfN-rgYPBKUnI9_BZ5fhxQoAxRfsE0mdyRpdF8zp0Xk0W332FXKtyjbBv55pHgwsW-BEygH8AP8H_dcIFPgf48EfZrTUyo0Vx9mM6ESksZGIEzssc8zqn5eicNE0dlQidX3rJPv6rWuYXpMQIdAR6qLMxbN9Z_F9w6NQyzDx4CcpBhIsbxYPii882fJUJT9FSmgB6iexE-IJF4_YBXpCqL0uIGQMEnPZ3aw0VCHBuICCCC92SYiLlmEH-N3LB8Lq1hX7Qi6vOKtRaO5LNVY_ptrqZx2pbuo7TD5kugiy2t0If44GJ-Qch3zvGeG04zpvtwhphPQyfylWOD3lQSCPFYhse2EZJoPc=w640-h480-no?authuser=0\" width=\"640\" height=\"480\" \/><\/a><\/p>\n","protected":false},"excerpt":{"rendered":"<p>Bon dia fam\u00edlies, Avui la classe de l&#8217;amistat hem donat per acabat el projecte &#8220;Qu\u00e8 passaria si s&#8217;assequ\u00e9s el REC de Carme&#8221; amb una activitat molt solid\u00e0ria: a partir del treball de la contaminaci\u00f3, ens hem posat guants, hem agafat bosses i hem anat a netejar el REC. Doncs b\u00e9, aquesta activitat ens ha servit [&hellip;]<\/p>\n","protected":false},"author":7,"featured_media":0,"comment_status":"open","ping_status":"closed","sticky":false,"template":"","format":"standard","meta":{"_bbp_topic_count":0,"_bbp_reply_count":0,"_bbp_total_topic_count":0,"_bbp_total_reply_count":0,"_bbp_voice_count":0,"_bbp_anonymous_reply_count":0,"_bbp_topic_count_hidden":0,"_bbp_reply_count_hidden":0,"_bbp_forum_subforum_count":0,"site-sidebar-layout":"default","site-content-layout":"","ast-site-content-layout":"","site-content-style":"default","site-sidebar-style":"default","ast-global-header-display":"","ast-banner-title-visibility":"","ast-main-header-display":"","ast-hfb-above-header-display":"","ast-hfb-below-header-display":"","ast-hfb-mobile-header-display":"","site-post-title":"","ast-breadcrumbs-content":"","ast-featured-img":"","footer-sml-layout":"","theme-transparent-header-meta":"","adv-header-id-meta":"","stick-header-meta":"","header-above-stick-meta":"","header-main-stick-meta":"","header-below-stick-meta":"","astra-migrate-meta-layouts":"default","ast-page-background-enabled":"default","ast-page-background-meta":{"desktop":{"background-color":"var(--ast-global-color-4)","background-image":"","background-repeat":"repeat","background-position":"center center","background-size":"auto","background-attachment":"scroll","background-type":"","background-media":"","overlay-type":"","overlay-color":"","overlay-opacity":"","overlay-gradient":""},"tablet":{"background-color":"","background-image":"","background-repeat":"repeat","background-position":"center center","background-size":"auto","background-attachment":"scroll","background-type":"","background-media":"","overlay-type":"","overlay-color":"","overlay-opacity":"","overlay-gradient":""},"mobile":{"background-color":"","background-image":"","background-repeat":"repeat","background-position":"center center","background-size":"auto","background-attachment":"scroll","background-type":"","background-media":"","overlay-type":"","overlay-color":"","overlay-opacity":"","overlay-gradient":""}},"ast-content-background-meta":{"desktop":{"background-color":"var(--ast-global-color-5)","background-image":"","background-repeat":"repeat","background-position":"center center","background-size":"auto","background-attachment":"scroll","background-type":"","background-media":"","overlay-type":"","overlay-color":"","overlay-opacity":"","overlay-gradient":""},"tablet":{"background-color":"var(--ast-global-color-5)","background-image":"","background-repeat":"repeat","background-position":"center center","background-size":"auto","background-attachment":"scroll","background-type":"","background-media":"","overlay-type":"","overlay-color":"","overlay-opacity":"","overlay-gradient":""},"mobile":{"background-color":"var(--ast-global-color-5)","background-image":"","background-repeat":"repeat","background-position":"center center","background-size":"auto","background-attachment":"scroll","background-type":"","background-media":"","overlay-type":"","overlay-color":"","overlay-opacity":"","overlay-gradient":""}},"footnotes":""},"categories":[65,15,1,4],"tags":[],"class_list":["post-1068","post","type-post","status-publish","format-standard","hentry","category-apadrinem-el-nostre-patrimoni","category-5e-6e","category-general","category-portada"],"post_mailing_queue_ids":[],"_links":{"self":[{"href":"https:\/\/agora.xtec.cat\/esc-serradecollbas\/wp-json\/wp\/v2\/posts\/1068","targetHints":{"allow":["GET"]}}],"collection":[{"href":"https:\/\/agora.xtec.cat\/esc-serradecollbas\/wp-json\/wp\/v2\/posts"}],"about":[{"href":"https:\/\/agora.xtec.cat\/esc-serradecollbas\/wp-json\/wp\/v2\/types\/post"}],"author":[{"embeddable":true,"href":"https:\/\/agora.xtec.cat\/esc-serradecollbas\/wp-json\/wp\/v2\/users\/7"}],"replies":[{"embeddable":true,"href":"https:\/\/agora.xtec.cat\/esc-serradecollbas\/wp-json\/wp\/v2\/comments?post=1068"}],"version-history":[{"count":3,"href":"https:\/\/agora.xtec.cat\/esc-serradecollbas\/wp-json\/wp\/v2\/posts\/1068\/revisions"}],"predecessor-version":[{"id":1564,"href":"https:\/\/agora.xtec.cat\/esc-serradecollbas\/wp-json\/wp\/v2\/posts\/1068\/revisions\/1564"}],"wp:attachment":[{"href":"https:\/\/agora.xtec.cat\/esc-serradecollbas\/wp-json\/wp\/v2\/media?parent=1068"}],"wp:term":[{"taxonomy":"category","embeddable":true,"href":"https:\/\/agora.xtec.cat\/esc-serradecollbas\/wp-json\/wp\/v2\/categories?post=1068"},{"taxonomy":"post_tag","embeddable":true,"href":"https:\/\/agora.xtec.cat\/esc-serradecollbas\/wp-json\/wp\/v2\/tags?post=1068"}],"curies":[{"name":"wp","href":"https:\/\/api.w.org\/{rel}","templated":true}]}}