{"id":12505,"date":"2023-11-06T13:23:24","date_gmt":"2023-11-06T12:23:24","guid":{"rendered":"https:\/\/agora.xtec.cat\/esc-santmiquel-castellgali\/?p=12505"},"modified":"2023-11-06T13:23:24","modified_gmt":"2023-11-06T12:23:24","slug":"xerrada-mossos-4t","status":"publish","type":"post","link":"https:\/\/agora.xtec.cat\/esc-santmiquel-castellgali\/cinque\/xerrada-mossos-4t\/","title":{"rendered":"Xerrada Mossos 4t"},"content":{"rendered":"<p>El passat divendres 3 de Novembre, l&#8217;alumnat de 4t va rebre la visita de l&#8217;\u00d2scar, un mosso d&#8217;esquadra que ens va fer una xerrada sobre l&#8217;assetjament. Ens va parlar sobre diversos casos d&#8217;assetjament i ens va dir qu\u00e8 pod\u00edem fer en cas que ens pass\u00e9s a nosaltres.<\/p>\n<p><a href=\"https:\/\/agora.xtec.cat\/esc-santmiquel-castellgali\/wp-content\/uploads\/usu103\/2023\/11\/IMG_1937-scaled.jpg\"><img loading=\"lazy\" decoding=\"async\" class=\"alignnone  wp-image-12506\" src=\"https:\/\/agora.xtec.cat\/esc-santmiquel-castellgali\/wp-content\/uploads\/usu103\/2023\/11\/IMG_1937-768x1024.jpg\" alt=\"\" width=\"346\" height=\"461\" srcset=\"https:\/\/agora.xtec.cat\/esc-santmiquel-castellgali\/wp-content\/uploads\/usu103\/2023\/11\/IMG_1937-768x1024.jpg 768w, https:\/\/agora.xtec.cat\/esc-santmiquel-castellgali\/wp-content\/uploads\/usu103\/2023\/11\/IMG_1937-225x300.jpg 225w, https:\/\/agora.xtec.cat\/esc-santmiquel-castellgali\/wp-content\/uploads\/usu103\/2023\/11\/IMG_1937-1152x1536.jpg 1152w, https:\/\/agora.xtec.cat\/esc-santmiquel-castellgali\/wp-content\/uploads\/usu103\/2023\/11\/IMG_1937-1536x2048.jpg 1536w, https:\/\/agora.xtec.cat\/esc-santmiquel-castellgali\/wp-content\/uploads\/usu103\/2023\/11\/IMG_1937-scaled.jpg 1920w\" sizes=\"auto, (max-width: 346px) 100vw, 346px\" \/><\/a> <a href=\"https:\/\/agora.xtec.cat\/esc-santmiquel-castellgali\/wp-content\/uploads\/usu103\/2023\/11\/IMG_1938-scaled.jpg\"><img loading=\"lazy\" decoding=\"async\" class=\"alignnone  wp-image-12507\" src=\"https:\/\/agora.xtec.cat\/esc-santmiquel-castellgali\/wp-content\/uploads\/usu103\/2023\/11\/IMG_1938-768x1024.jpg\" alt=\"\" width=\"346\" height=\"461\" srcset=\"https:\/\/agora.xtec.cat\/esc-santmiquel-castellgali\/wp-content\/uploads\/usu103\/2023\/11\/IMG_1938-768x1024.jpg 768w, https:\/\/agora.xtec.cat\/esc-santmiquel-castellgali\/wp-content\/uploads\/usu103\/2023\/11\/IMG_1938-225x300.jpg 225w, https:\/\/agora.xtec.cat\/esc-santmiquel-castellgali\/wp-content\/uploads\/usu103\/2023\/11\/IMG_1938-1152x1536.jpg 1152w, https:\/\/agora.xtec.cat\/esc-santmiquel-castellgali\/wp-content\/uploads\/usu103\/2023\/11\/IMG_1938-1536x2048.jpg 1536w, https:\/\/agora.xtec.cat\/esc-santmiquel-castellgali\/wp-content\/uploads\/usu103\/2023\/11\/IMG_1938-scaled.jpg 1920w\" sizes=\"auto, (max-width: 346px) 100vw, 346px\" \/><\/a><\/p>\n<p><a href=\"https:\/\/agora.xtec.cat\/esc-santmiquel-castellgali\/wp-content\/uploads\/usu103\/2023\/11\/IMG_1942-scaled.jpg\"><img loading=\"lazy\" decoding=\"async\" class=\"alignnone  wp-image-12508\" src=\"https:\/\/agora.xtec.cat\/esc-santmiquel-castellgali\/wp-content\/uploads\/usu103\/2023\/11\/IMG_1942-1024x768.jpg\" alt=\"\" width=\"697\" height=\"523\" srcset=\"https:\/\/agora.xtec.cat\/esc-santmiquel-castellgali\/wp-content\/uploads\/usu103\/2023\/11\/IMG_1942-1024x768.jpg 1024w, https:\/\/agora.xtec.cat\/esc-santmiquel-castellgali\/wp-content\/uploads\/usu103\/2023\/11\/IMG_1942-300x225.jpg 300w, https:\/\/agora.xtec.cat\/esc-santmiquel-castellgali\/wp-content\/uploads\/usu103\/2023\/11\/IMG_1942-768x576.jpg 768w, https:\/\/agora.xtec.cat\/esc-santmiquel-castellgali\/wp-content\/uploads\/usu103\/2023\/11\/IMG_1942-1536x1152.jpg 1536w, https:\/\/agora.xtec.cat\/esc-santmiquel-castellgali\/wp-content\/uploads\/usu103\/2023\/11\/IMG_1942-2048x1536.jpg 2048w, https:\/\/agora.xtec.cat\/esc-santmiquel-castellgali\/wp-content\/uploads\/usu103\/2023\/11\/IMG_1942-200x150.jpg 200w\" sizes=\"auto, (max-width: 697px) 100vw, 697px\" \/><\/a><\/p>\n","protected":false},"excerpt":{"rendered":"<p>El passat divendres 3 de Novembre, l&#8217;alumnat de 4t va rebre la visita de l&#8217;\u00d2scar, un mosso d&#8217;esquadra que ens va fer una xerrada sobre l&#8217;assetjament. Ens va parlar sobre diversos casos d&#8217;assetjament i ens va dir qu\u00e8 pod\u00edem fer en cas que ens pass\u00e9s a nosaltres.<\/p>\n","protected":false},"author":49,"featured_media":0,"comment_status":"open","ping_status":"closed","sticky":false,"template":"","format":"standard","meta":{"_bbp_topic_count":0,"_bbp_reply_count":0,"_bbp_total_topic_count":0,"_bbp_total_reply_count":0,"_bbp_voice_count":0,"_bbp_anonymous_reply_count":0,"_bbp_topic_count_hidden":0,"_bbp_reply_count_hidden":0,"_bbp_forum_subforum_count":0,"site-sidebar-layout":"default","site-content-layout":"","ast-site-content-layout":"","site-content-style":"default","site-sidebar-style":"default","ast-global-header-display":"","ast-banner-title-visibility":"","ast-main-header-display":"","ast-hfb-above-header-display":"","ast-hfb-below-header-display":"","ast-hfb-mobile-header-display":"","site-post-title":"","ast-breadcrumbs-content":"","ast-featured-img":"","footer-sml-layout":"","theme-transparent-header-meta":"","adv-header-id-meta":"","stick-header-meta":"","header-above-stick-meta":"","header-main-stick-meta":"","header-below-stick-meta":"","astra-migrate-meta-layouts":"default","ast-page-background-enabled":"default","ast-page-background-meta":{"desktop":{"background-color":"var(--ast-global-color-4)","background-image":"","background-repeat":"repeat","background-position":"center center","background-size":"auto","background-attachment":"scroll","background-type":"","background-media":"","overlay-type":"","overlay-color":"","overlay-opacity":"","overlay-gradient":""},"tablet":{"background-color":"","background-image":"","background-repeat":"repeat","background-position":"center center","background-size":"auto","background-attachment":"scroll","background-type":"","background-media":"","overlay-type":"","overlay-color":"","overlay-opacity":"","overlay-gradient":""},"mobile":{"background-color":"","background-image":"","background-repeat":"repeat","background-position":"center center","background-size":"auto","background-attachment":"scroll","background-type":"","background-media":"","overlay-type":"","overlay-color":"","overlay-opacity":"","overlay-gradient":""}},"ast-content-background-meta":{"desktop":{"background-color":"var(--ast-global-color-5)","background-image":"","background-repeat":"repeat","background-position":"center center","background-size":"auto","background-attachment":"scroll","background-type":"","background-media":"","overlay-type":"","overlay-color":"","overlay-opacity":"","overlay-gradient":""},"tablet":{"background-color":"var(--ast-global-color-5)","background-image":"","background-repeat":"repeat","background-position":"center center","background-size":"auto","background-attachment":"scroll","background-type":"","background-media":"","overlay-type":"","overlay-color":"","overlay-opacity":"","overlay-gradient":""},"mobile":{"background-color":"var(--ast-global-color-5)","background-image":"","background-repeat":"repeat","background-position":"center center","background-size":"auto","background-attachment":"scroll","background-type":"","background-media":"","overlay-type":"","overlay-color":"","overlay-opacity":"","overlay-gradient":""}},"footnotes":""},"categories":[9],"tags":[364,390],"class_list":["post-12505","post","type-post","status-publish","format-standard","hentry","category-cinque","tag-4t","tag-cicle-mitja"],"post_mailing_queue_ids":[],"_links":{"self":[{"href":"https:\/\/agora.xtec.cat\/esc-santmiquel-castellgali\/wp-json\/wp\/v2\/posts\/12505","targetHints":{"allow":["GET"]}}],"collection":[{"href":"https:\/\/agora.xtec.cat\/esc-santmiquel-castellgali\/wp-json\/wp\/v2\/posts"}],"about":[{"href":"https:\/\/agora.xtec.cat\/esc-santmiquel-castellgali\/wp-json\/wp\/v2\/types\/post"}],"author":[{"embeddable":true,"href":"https:\/\/agora.xtec.cat\/esc-santmiquel-castellgali\/wp-json\/wp\/v2\/users\/49"}],"replies":[{"embeddable":true,"href":"https:\/\/agora.xtec.cat\/esc-santmiquel-castellgali\/wp-json\/wp\/v2\/comments?post=12505"}],"version-history":[{"count":2,"href":"https:\/\/agora.xtec.cat\/esc-santmiquel-castellgali\/wp-json\/wp\/v2\/posts\/12505\/revisions"}],"predecessor-version":[{"id":12510,"href":"https:\/\/agora.xtec.cat\/esc-santmiquel-castellgali\/wp-json\/wp\/v2\/posts\/12505\/revisions\/12510"}],"wp:attachment":[{"href":"https:\/\/agora.xtec.cat\/esc-santmiquel-castellgali\/wp-json\/wp\/v2\/media?parent=12505"}],"wp:term":[{"taxonomy":"category","embeddable":true,"href":"https:\/\/agora.xtec.cat\/esc-santmiquel-castellgali\/wp-json\/wp\/v2\/categories?post=12505"},{"taxonomy":"post_tag","embeddable":true,"href":"https:\/\/agora.xtec.cat\/esc-santmiquel-castellgali\/wp-json\/wp\/v2\/tags?post=12505"}],"curies":[{"name":"wp","href":"https:\/\/api.w.org\/{rel}","templated":true}]}}