{"id":1104,"date":"2016-09-29T14:59:17","date_gmt":"2016-09-29T12:59:17","guid":{"rendered":"http:\/\/agora.xtec.cat\/esc-santmiquel-castellgali\/?p=1104"},"modified":"2018-06-30T11:00:31","modified_gmt":"2018-06-30T09:00:31","slug":"fase-comarcal-de-cros-escolar","status":"publish","type":"post","link":"https:\/\/agora.xtec.cat\/esc-santmiquel-castellgali\/educacio-fisica\/fase-comarcal-de-cros-escolar\/","title":{"rendered":"Cros Escolar 2016 &#8211; 2017  *informaci\u00f3 actualitzada"},"content":{"rendered":"<p>Com cada curs\u00a0 s\u2019organitza una FASE COMARCAL DE CROS ESCOLAR, aquest any les curses van amb unes polseres xip que faran anar molt m\u00e9s \u00e0gils les curses i perqu\u00e8 les fam\u00edlies no us hagueu d\u2019esperar tanta estona als resultats. Tot i aix\u00ed, aquests xips tenen un cost de 16\u20ac per sempre, es paga una sola vegada i es vostre per sempre amb les vostres dades. Cal no perdre\u2019l clar!<\/p>\n<p>A les curses es pot participar tant a totes com a nom\u00e9s a la del vostre poble. Es faran a:\u00a0Sant Vicen\u00e7 Castellet\u00a0 &#8211; Castellnou Bages &#8211; S\u00faria\u00a0 &#8211; Moi\u00e0 &#8211; Sallent \u2013 Manresa \u2013 Navarcles &#8211; Sant Joan Vilatorrada &#8211; Sant Fruit\u00f3s De Bages &#8211; Calders\u00a0 &#8211; Cardona &#8211; Santpedor.<\/p>\n<p>Si us plau feu arribar el full d&#8217;inscripci\u00f3 que s&#8217;ha repartit avui a les classes\u00a0al PERE ANTON, dem\u00e0 dia 30 de setembre.<\/p>\n<p>El <strong>calendari<\/strong> del campionat de cros \u00e9s:<\/p>\n<table>\n<tbody>\n<tr>\n<td>9 d\u2019octubre 2016<\/td>\n<td>\u00a0Sant Vicen\u00e7 de Castellet<\/td>\n<\/tr>\n<tr>\n<td>16 d\u2019octubre\u00a02016<\/td>\n<td>Castellnou de Bages<\/td>\n<\/tr>\n<tr>\n<td>23 d\u2019octubre\u00a02016<\/td>\n<td>S\u00faria<\/td>\n<\/tr>\n<tr>\n<td>6 de novembre\u00a02016<\/td>\n<td>Moi\u00e0<\/td>\n<\/tr>\n<tr>\n<td>13 de novembre\u00a02016<\/td>\n<td>Sallent<\/td>\n<\/tr>\n<tr>\n<td>20 de novembre\u00a02016<\/td>\n<td>\u00a0Manresa<\/td>\n<\/tr>\n<tr>\n<td>27 de novembre\u00a02016<\/td>\n<td>\u00a0Navarcles<\/td>\n<\/tr>\n<tr>\n<td>18 de desembre\u00a02016<\/td>\n<td>\u00a0St. Joan de Vilatorrada<\/td>\n<\/tr>\n<tr>\n<td>15 de gener\u00a02017<\/td>\n<td>\u00a0Sant Fruit\u00f3s de Bages<\/td>\n<\/tr>\n<tr>\n<td>22 de gener\u00a02017<\/td>\n<td>Calders<\/td>\n<\/tr>\n<tr>\n<td>29 de gener\u00a02017<\/td>\n<td>Cardona<\/td>\n<\/tr>\n<tr>\n<td>5 de febrer\u00a02017<\/td>\n<td>Santpedor<\/td>\n<\/tr>\n<\/tbody>\n<\/table>\n<p>Podeu trobar m\u00e9s informaci\u00f3 a la web del <a href=\"http:\/\/www.cebages.info\/novaweb\/\" target=\"_blank\">Consell Esportiu del Bages<\/a>.<\/p>\n","protected":false},"excerpt":{"rendered":"<p>Fase comarcal de Cros Escolar<\/p>\n","protected":false},"author":27,"featured_media":1106,"comment_status":"open","ping_status":"open","sticky":false,"template":"","format":"standard","meta":{"_bbp_topic_count":0,"_bbp_reply_count":0,"_bbp_total_topic_count":0,"_bbp_total_reply_count":0,"_bbp_voice_count":0,"_bbp_anonymous_reply_count":0,"_bbp_topic_count_hidden":0,"_bbp_reply_count_hidden":0,"_bbp_forum_subforum_count":0,"site-sidebar-layout":"default","site-content-layout":"","ast-site-content-layout":"","site-content-style":"default","site-sidebar-style":"default","ast-global-header-display":"","ast-banner-title-visibility":"","ast-main-header-display":"","ast-hfb-above-header-display":"","ast-hfb-below-header-display":"","ast-hfb-mobile-header-display":"","site-post-title":"","ast-breadcrumbs-content":"","ast-featured-img":"","footer-sml-layout":"","theme-transparent-header-meta":"","adv-header-id-meta":"","stick-header-meta":"","header-above-stick-meta":"","header-main-stick-meta":"","header-below-stick-meta":"","astra-migrate-meta-layouts":"default","ast-page-background-enabled":"default","ast-page-background-meta":{"desktop":{"background-color":"var(--ast-global-color-4)","background-image":"","background-repeat":"repeat","background-position":"center center","background-size":"auto","background-attachment":"scroll","background-type":"","background-media":"","overlay-type":"","overlay-color":"","overlay-opacity":"","overlay-gradient":""},"tablet":{"background-color":"","background-image":"","background-repeat":"repeat","background-position":"center center","background-size":"auto","background-attachment":"scroll","background-type":"","background-media":"","overlay-type":"","overlay-color":"","overlay-opacity":"","overlay-gradient":""},"mobile":{"background-color":"","background-image":"","background-repeat":"repeat","background-position":"center center","background-size":"auto","background-attachment":"scroll","background-type":"","background-media":"","overlay-type":"","overlay-color":"","overlay-opacity":"","overlay-gradient":""}},"ast-content-background-meta":{"desktop":{"background-color":"var(--ast-global-color-5)","background-image":"","background-repeat":"repeat","background-position":"center center","background-size":"auto","background-attachment":"scroll","background-type":"","background-media":"","overlay-type":"","overlay-color":"","overlay-opacity":"","overlay-gradient":""},"tablet":{"background-color":"var(--ast-global-color-5)","background-image":"","background-repeat":"repeat","background-position":"center center","background-size":"auto","background-attachment":"scroll","background-type":"","background-media":"","overlay-type":"","overlay-color":"","overlay-opacity":"","overlay-gradient":""},"mobile":{"background-color":"var(--ast-global-color-5)","background-image":"","background-repeat":"repeat","background-position":"center center","background-size":"auto","background-attachment":"scroll","background-type":"","background-media":"","overlay-type":"","overlay-color":"","overlay-opacity":"","overlay-gradient":""}},"footnotes":""},"categories":[72],"tags":[107,108],"class_list":["post-1104","post","type-post","status-publish","format-standard","has-post-thumbnail","hentry","category-educacio-fisica","tag-cros-escolar","tag-curs-2016-17"],"post_mailing_queue_ids":[],"_links":{"self":[{"href":"https:\/\/agora.xtec.cat\/esc-santmiquel-castellgali\/wp-json\/wp\/v2\/posts\/1104","targetHints":{"allow":["GET"]}}],"collection":[{"href":"https:\/\/agora.xtec.cat\/esc-santmiquel-castellgali\/wp-json\/wp\/v2\/posts"}],"about":[{"href":"https:\/\/agora.xtec.cat\/esc-santmiquel-castellgali\/wp-json\/wp\/v2\/types\/post"}],"author":[{"embeddable":true,"href":"https:\/\/agora.xtec.cat\/esc-santmiquel-castellgali\/wp-json\/wp\/v2\/users\/27"}],"replies":[{"embeddable":true,"href":"https:\/\/agora.xtec.cat\/esc-santmiquel-castellgali\/wp-json\/wp\/v2\/comments?post=1104"}],"version-history":[{"count":3,"href":"https:\/\/agora.xtec.cat\/esc-santmiquel-castellgali\/wp-json\/wp\/v2\/posts\/1104\/revisions"}],"predecessor-version":[{"id":1112,"href":"https:\/\/agora.xtec.cat\/esc-santmiquel-castellgali\/wp-json\/wp\/v2\/posts\/1104\/revisions\/1112"}],"wp:featuredmedia":[{"embeddable":true,"href":"https:\/\/agora.xtec.cat\/esc-santmiquel-castellgali\/wp-json\/wp\/v2\/media\/1106"}],"wp:attachment":[{"href":"https:\/\/agora.xtec.cat\/esc-santmiquel-castellgali\/wp-json\/wp\/v2\/media?parent=1104"}],"wp:term":[{"taxonomy":"category","embeddable":true,"href":"https:\/\/agora.xtec.cat\/esc-santmiquel-castellgali\/wp-json\/wp\/v2\/categories?post=1104"},{"taxonomy":"post_tag","embeddable":true,"href":"https:\/\/agora.xtec.cat\/esc-santmiquel-castellgali\/wp-json\/wp\/v2\/tags?post=1104"}],"curies":[{"name":"wp","href":"https:\/\/api.w.org\/{rel}","templated":true}]}}