{"id":6701,"date":"2020-11-10T11:22:38","date_gmt":"2020-11-10T10:22:38","guid":{"rendered":"http:\/\/agora.xtec.cat\/esc-santjordi-svmontalt\/?p=6701"},"modified":"2020-11-10T11:22:38","modified_gmt":"2020-11-10T10:22:38","slug":"5e-a-percussio-corporal","status":"publish","type":"post","link":"https:\/\/agora.xtec.cat\/esc-santjordi-svmontalt\/especialitats\/musica\/5e-a-percussio-corporal\/","title":{"rendered":"5\u00e8 A &#8211; Percussi\u00f3 corporal"},"content":{"rendered":"<p>Els nois i noies de 5\u00e8A s&#8217;han inventat per grups uns obstinats r\u00edtmics per poder acompanyar amb percussi\u00f3 corporal la can\u00e7\u00f3 &#8220;Els avantpassats&#8221;. Esperem que us agradi!<\/p>\n<p><iframe loading=\"lazy\" title=\"Percussi\u00f3 corporal\" width=\"500\" height=\"281\" src=\"https:\/\/www.youtube.com\/embed\/WD19IuTohxU?feature=oembed\" frameborder=\"0\" allow=\"accelerometer; autoplay; clipboard-write; encrypted-media; gyroscope; picture-in-picture; web-share\" referrerpolicy=\"strict-origin-when-cross-origin\" allowfullscreen><\/iframe><\/p>\n","protected":false},"excerpt":{"rendered":"<p>Els nois i noies de 5\u00e8A s&#8217;han inventat per grups uns obstinats r\u00edtmics per poder acompanyar amb percussi\u00f3 corporal la can\u00e7\u00f3 &#8220;Els avantpassats&#8221;. Esperem que us agradi!<\/p>\n","protected":false},"author":15,"featured_media":6703,"comment_status":"open","ping_status":"closed","sticky":false,"template":"","format":"standard","meta":{"_bbp_topic_count":0,"_bbp_reply_count":0,"_bbp_total_topic_count":0,"_bbp_total_reply_count":0,"_bbp_voice_count":0,"_bbp_anonymous_reply_count":0,"_bbp_topic_count_hidden":0,"_bbp_reply_count_hidden":0,"_bbp_forum_subforum_count":0,"footnotes":""},"categories":[62],"tags":[],"class_list":["post-6701","post","type-post","status-publish","format-standard","has-post-thumbnail","hentry","category-musica"],"post_mailing_queue_ids":[],"_links":{"self":[{"href":"https:\/\/agora.xtec.cat\/esc-santjordi-svmontalt\/wp-json\/wp\/v2\/posts\/6701","targetHints":{"allow":["GET"]}}],"collection":[{"href":"https:\/\/agora.xtec.cat\/esc-santjordi-svmontalt\/wp-json\/wp\/v2\/posts"}],"about":[{"href":"https:\/\/agora.xtec.cat\/esc-santjordi-svmontalt\/wp-json\/wp\/v2\/types\/post"}],"author":[{"embeddable":true,"href":"https:\/\/agora.xtec.cat\/esc-santjordi-svmontalt\/wp-json\/wp\/v2\/users\/15"}],"replies":[{"embeddable":true,"href":"https:\/\/agora.xtec.cat\/esc-santjordi-svmontalt\/wp-json\/wp\/v2\/comments?post=6701"}],"version-history":[{"count":1,"href":"https:\/\/agora.xtec.cat\/esc-santjordi-svmontalt\/wp-json\/wp\/v2\/posts\/6701\/revisions"}],"predecessor-version":[{"id":6702,"href":"https:\/\/agora.xtec.cat\/esc-santjordi-svmontalt\/wp-json\/wp\/v2\/posts\/6701\/revisions\/6702"}],"wp:featuredmedia":[{"embeddable":true,"href":"https:\/\/agora.xtec.cat\/esc-santjordi-svmontalt\/wp-json\/wp\/v2\/media\/6703"}],"wp:attachment":[{"href":"https:\/\/agora.xtec.cat\/esc-santjordi-svmontalt\/wp-json\/wp\/v2\/media?parent=6701"}],"wp:term":[{"taxonomy":"category","embeddable":true,"href":"https:\/\/agora.xtec.cat\/esc-santjordi-svmontalt\/wp-json\/wp\/v2\/categories?post=6701"},{"taxonomy":"post_tag","embeddable":true,"href":"https:\/\/agora.xtec.cat\/esc-santjordi-svmontalt\/wp-json\/wp\/v2\/tags?post=6701"}],"curies":[{"name":"wp","href":"https:\/\/api.w.org\/{rel}","templated":true}]}}