{"id":13506,"date":"2026-03-26T16:55:54","date_gmt":"2026-03-26T15:55:54","guid":{"rendered":"https:\/\/agora.xtec.cat\/esc-santjordi-svmontalt\/?p=13506"},"modified":"2026-03-26T16:55:54","modified_gmt":"2026-03-26T15:55:54","slug":"anem-a-la-radio-2","status":"publish","type":"post","link":"https:\/\/agora.xtec.cat\/esc-santjordi-svmontalt\/general\/anem-a-la-radio-2\/","title":{"rendered":"ANEM A LA R\u00c0DIO!"},"content":{"rendered":"<p>Hola a tothom!<\/p>\n<p><span style=\"font-weight: 400;\">El dia 17 de mar\u00e7 vam anar a la r\u00e0dio del poble. A les 15:00 de la tarda vam anar al centre c\u00edvic i pujant les escales de davant de entrada del centre c\u00edvic\u00a0 l vam\u00a0 arribar a la sala de la r\u00e0dio. All\u00e0 vam con\u00e8ixer en Miquel, que ens va ensenyar com funcionaven\u00a0 els micr\u00f2fons, la gravaci\u00f3 i amb quin to de veu parlar. Primer vam fer una prova per saber com funcionava tot.\u00a0<\/span><\/p>\n<table style=\"border-collapse: collapse; width: 93.4094%; height: 327px;\">\n<tbody>\n<tr>\n<td style=\"width: 50%;\"><img loading=\"lazy\" decoding=\"async\" class=\" wp-image-13507 aligncenter\" src=\"https:\/\/agora.xtec.cat\/esc-santjordi-svmontalt\/wp-content\/uploads\/usu1728\/2026\/03\/IMG-20260324-WA0004.jpg\" alt=\"\" width=\"639\" height=\"479\" srcset=\"https:\/\/agora.xtec.cat\/esc-santjordi-svmontalt\/wp-content\/uploads\/usu1728\/2026\/03\/IMG-20260324-WA0004.jpg 1600w, https:\/\/agora.xtec.cat\/esc-santjordi-svmontalt\/wp-content\/uploads\/usu1728\/2026\/03\/IMG-20260324-WA0004-300x225.jpg 300w, https:\/\/agora.xtec.cat\/esc-santjordi-svmontalt\/wp-content\/uploads\/usu1728\/2026\/03\/IMG-20260324-WA0004-1024x768.jpg 1024w, https:\/\/agora.xtec.cat\/esc-santjordi-svmontalt\/wp-content\/uploads\/usu1728\/2026\/03\/IMG-20260324-WA0004-768x576.jpg 768w, https:\/\/agora.xtec.cat\/esc-santjordi-svmontalt\/wp-content\/uploads\/usu1728\/2026\/03\/IMG-20260324-WA0004-1536x1152.jpg 1536w, https:\/\/agora.xtec.cat\/esc-santjordi-svmontalt\/wp-content\/uploads\/usu1728\/2026\/03\/IMG-20260324-WA0004-200x150.jpg 200w\" sizes=\"auto, (max-width: 639px) 100vw, 639px\" \/><\/td>\n<td style=\"width: 82.0755%;\"><img loading=\"lazy\" decoding=\"async\" class=\"aligncenter  wp-image-13508\" src=\"https:\/\/agora.xtec.cat\/esc-santjordi-svmontalt\/wp-content\/uploads\/usu1728\/2026\/03\/IMG-20260324-WA0010.jpg\" alt=\"\" width=\"615\" height=\"461\" srcset=\"https:\/\/agora.xtec.cat\/esc-santjordi-svmontalt\/wp-content\/uploads\/usu1728\/2026\/03\/IMG-20260324-WA0010.jpg 1600w, https:\/\/agora.xtec.cat\/esc-santjordi-svmontalt\/wp-content\/uploads\/usu1728\/2026\/03\/IMG-20260324-WA0010-300x225.jpg 300w, https:\/\/agora.xtec.cat\/esc-santjordi-svmontalt\/wp-content\/uploads\/usu1728\/2026\/03\/IMG-20260324-WA0010-1024x768.jpg 1024w, https:\/\/agora.xtec.cat\/esc-santjordi-svmontalt\/wp-content\/uploads\/usu1728\/2026\/03\/IMG-20260324-WA0010-768x576.jpg 768w, https:\/\/agora.xtec.cat\/esc-santjordi-svmontalt\/wp-content\/uploads\/usu1728\/2026\/03\/IMG-20260324-WA0010-1536x1152.jpg 1536w, https:\/\/agora.xtec.cat\/esc-santjordi-svmontalt\/wp-content\/uploads\/usu1728\/2026\/03\/IMG-20260324-WA0010-200x150.jpg 200w\" sizes=\"auto, (max-width: 615px) 100vw, 615px\" \/><\/td>\n<\/tr>\n<\/tbody>\n<\/table>\n<p>&nbsp;<\/p>\n<p><span style=\"font-weight: 400;\">El programa anava sobre molts temes: dels esports, les pel\u00b7l\u00edcules, l&#8217;\u00fas de les pantalles i les escoles verdes, i per cert, va ser una experi\u00e8ncia inoblidable. A l\u2019escola primer vam\u00a0 fer el gui\u00f3, que va ser una mica dif\u00edcil per\u00f2 molt divertit, despr\u00e9s vam practicar amb uns micr\u00f2fons que tenim a l&#8217;escola i vam estar gravant tres setmanes.<\/span><\/p>\n<p><strong>Cliqueu<\/strong> a la <strong>imatge<\/strong> per accedir al v\u00eddeo del programa. <strong>Esperem que us agradi!<\/strong><\/p>\n<p><a href=\"https:\/\/www.youtube.com\/watch?v=7pIkGyXOUeg\"><img loading=\"lazy\" decoding=\"async\" class=\"aligncenter  wp-image-13510\" src=\"https:\/\/agora.xtec.cat\/esc-santjordi-svmontalt\/wp-content\/uploads\/usu1728\/2026\/03\/1-1.jpg\" alt=\"\" width=\"633\" height=\"341\" srcset=\"https:\/\/agora.xtec.cat\/esc-santjordi-svmontalt\/wp-content\/uploads\/usu1728\/2026\/03\/1-1.jpg 1260w, https:\/\/agora.xtec.cat\/esc-santjordi-svmontalt\/wp-content\/uploads\/usu1728\/2026\/03\/1-1-300x162.jpg 300w, https:\/\/agora.xtec.cat\/esc-santjordi-svmontalt\/wp-content\/uploads\/usu1728\/2026\/03\/1-1-1024x552.jpg 1024w, https:\/\/agora.xtec.cat\/esc-santjordi-svmontalt\/wp-content\/uploads\/usu1728\/2026\/03\/1-1-768x414.jpg 768w\" sizes=\"auto, (max-width: 633px) 100vw, 633px\" \/><\/a><\/p>\n<p style=\"text-align: center;\">\n","protected":false},"excerpt":{"rendered":"<p>Hola a tothom!<br \/>\nEl dia 17 de mar\u00e7 vam anar a la r\u00e0dio del poble. A les 15:00 de la tarda vam anar al centre c\u00edvic i pujant les escales de davant de entrada del centre c\u00edvic\u00a0 l vam\u00a0 arribar a la sala de la r\u00e0dio.&hellip;  <a href=\"https:\/\/agora.xtec.cat\/esc-santjordi-svmontalt\/general\/anem-a-la-radio-2\/\" title=\"Read ANEM A LA R\u00c0DIO!\">Llegeix m\u00e9s\u00bb<\/a><\/p>\n","protected":false},"author":1,"featured_media":13507,"comment_status":"open","ping_status":"open","sticky":false,"template":"","format":"standard","meta":{"_bbp_topic_count":0,"_bbp_reply_count":0,"_bbp_total_topic_count":0,"_bbp_total_reply_count":0,"_bbp_voice_count":0,"_bbp_anonymous_reply_count":0,"_bbp_topic_count_hidden":0,"_bbp_reply_count_hidden":0,"_bbp_forum_subforum_count":0,"footnotes":""},"categories":[1,166],"tags":[],"class_list":["post-13506","post","type-post","status-publish","format-standard","has-post-thumbnail","hentry","category-general","category-portada"],"post_mailing_queue_ids":[],"_links":{"self":[{"href":"https:\/\/agora.xtec.cat\/esc-santjordi-svmontalt\/wp-json\/wp\/v2\/posts\/13506","targetHints":{"allow":["GET"]}}],"collection":[{"href":"https:\/\/agora.xtec.cat\/esc-santjordi-svmontalt\/wp-json\/wp\/v2\/posts"}],"about":[{"href":"https:\/\/agora.xtec.cat\/esc-santjordi-svmontalt\/wp-json\/wp\/v2\/types\/post"}],"author":[{"embeddable":true,"href":"https:\/\/agora.xtec.cat\/esc-santjordi-svmontalt\/wp-json\/wp\/v2\/users\/1"}],"replies":[{"embeddable":true,"href":"https:\/\/agora.xtec.cat\/esc-santjordi-svmontalt\/wp-json\/wp\/v2\/comments?post=13506"}],"version-history":[{"count":2,"href":"https:\/\/agora.xtec.cat\/esc-santjordi-svmontalt\/wp-json\/wp\/v2\/posts\/13506\/revisions"}],"predecessor-version":[{"id":13511,"href":"https:\/\/agora.xtec.cat\/esc-santjordi-svmontalt\/wp-json\/wp\/v2\/posts\/13506\/revisions\/13511"}],"wp:featuredmedia":[{"embeddable":true,"href":"https:\/\/agora.xtec.cat\/esc-santjordi-svmontalt\/wp-json\/wp\/v2\/media\/13507"}],"wp:attachment":[{"href":"https:\/\/agora.xtec.cat\/esc-santjordi-svmontalt\/wp-json\/wp\/v2\/media?parent=13506"}],"wp:term":[{"taxonomy":"category","embeddable":true,"href":"https:\/\/agora.xtec.cat\/esc-santjordi-svmontalt\/wp-json\/wp\/v2\/categories?post=13506"},{"taxonomy":"post_tag","embeddable":true,"href":"https:\/\/agora.xtec.cat\/esc-santjordi-svmontalt\/wp-json\/wp\/v2\/tags?post=13506"}],"curies":[{"name":"wp","href":"https:\/\/api.w.org\/{rel}","templated":true}]}}