{"id":13486,"date":"2026-03-12T10:18:12","date_gmt":"2026-03-12T09:18:12","guid":{"rendered":"https:\/\/agora.xtec.cat\/esc-santjordi-svmontalt\/?p=13486"},"modified":"2026-03-12T10:18:12","modified_gmt":"2026-03-12T09:18:12","slug":"excursio-al-rukimon","status":"publish","type":"post","link":"https:\/\/agora.xtec.cat\/esc-santjordi-svmontalt\/primaria\/1r\/excursio-al-rukimon\/","title":{"rendered":"Excursi\u00f3 al Rukimon!"},"content":{"rendered":"<p class=\"isSelectedEnd\">Ahir els alumnes de primer i segon de l\u2019escola vam anar d\u2019excursi\u00f3 al Rukimon, a Dosrius, i vam viure una experi\u00e8ncia molt especial.<\/p>\n<p class=\"isSelectedEnd\">Quan vam arribar, vam poder con\u00e8ixer els rucs de ben a prop. Ens van explicar com s\u00f3n, quines caracter\u00edstiques tenen i com s\u2019han de cuidar. Vam aprendre moltes coses sobre aquests animals: qu\u00e8 mengen, com es comporten i com viuen.<\/p>\n<p class=\"isSelectedEnd\">Despr\u00e9s vam poder interactuar amb ells. Els vam raspallar perqu\u00e8 estiguessin ben nets i tranquils, i tamb\u00e9 els vam donar menjar. Va ser molt divertit poder cuidar-los nosaltres mateixos!<\/p>\n<p class=\"isSelectedEnd\">Una de les activitats que m\u00e9s ens va agradar va ser passejar els rucs. Amb molta calma, els vam acompanyar mentre caminaven i vam aprendre a respectar-los i a tractar-los amb cura.<\/p>\n<p>Va ser un dia ple d\u2019aprenentatges, natura i bons moments amb els companys i companyes. Ens ho vam passar molt b\u00e9!<\/p>\n<p>Adjuntem algunes <a href=\"https:\/\/drive.google.com\/drive\/u\/1\/folders\/1xeD3GAHQgaxOwoQKq1vw8rfM1BVmZVFa\">fotos<\/a>!<\/p>\n","protected":false},"excerpt":{"rendered":"<p>Ahir els alumnes de primer i segon de l\u2019escola vam anar d\u2019excursi\u00f3 al Rukimon, a Dosrius, i vam viure una experi\u00e8ncia molt especial.<br \/>\nQuan vam arribar, vam poder con\u00e8ixer els rucs de ben a prop. Ens van explicar com s\u00f3n, quines caracter\u00edstiques tenen i com s\u2019han&hellip;  <a href=\"https:\/\/agora.xtec.cat\/esc-santjordi-svmontalt\/primaria\/1r\/excursio-al-rukimon\/\" title=\"Read Excursi\u00f3 al Rukimon!\">Llegeix m\u00e9s\u00bb<\/a><\/p>\n","protected":false},"author":43,"featured_media":0,"comment_status":"open","ping_status":"open","sticky":false,"template":"","format":"standard","meta":{"_bbp_topic_count":0,"_bbp_reply_count":0,"_bbp_total_topic_count":0,"_bbp_total_reply_count":0,"_bbp_voice_count":0,"_bbp_anonymous_reply_count":0,"_bbp_topic_count_hidden":0,"_bbp_reply_count_hidden":0,"_bbp_forum_subforum_count":0,"footnotes":""},"categories":[10,11],"tags":[],"class_list":["post-13486","post","type-post","status-publish","format-standard","hentry","category-1r","category-2n"],"post_mailing_queue_ids":[],"_links":{"self":[{"href":"https:\/\/agora.xtec.cat\/esc-santjordi-svmontalt\/wp-json\/wp\/v2\/posts\/13486","targetHints":{"allow":["GET"]}}],"collection":[{"href":"https:\/\/agora.xtec.cat\/esc-santjordi-svmontalt\/wp-json\/wp\/v2\/posts"}],"about":[{"href":"https:\/\/agora.xtec.cat\/esc-santjordi-svmontalt\/wp-json\/wp\/v2\/types\/post"}],"author":[{"embeddable":true,"href":"https:\/\/agora.xtec.cat\/esc-santjordi-svmontalt\/wp-json\/wp\/v2\/users\/43"}],"replies":[{"embeddable":true,"href":"https:\/\/agora.xtec.cat\/esc-santjordi-svmontalt\/wp-json\/wp\/v2\/comments?post=13486"}],"version-history":[{"count":1,"href":"https:\/\/agora.xtec.cat\/esc-santjordi-svmontalt\/wp-json\/wp\/v2\/posts\/13486\/revisions"}],"predecessor-version":[{"id":13487,"href":"https:\/\/agora.xtec.cat\/esc-santjordi-svmontalt\/wp-json\/wp\/v2\/posts\/13486\/revisions\/13487"}],"wp:attachment":[{"href":"https:\/\/agora.xtec.cat\/esc-santjordi-svmontalt\/wp-json\/wp\/v2\/media?parent=13486"}],"wp:term":[{"taxonomy":"category","embeddable":true,"href":"https:\/\/agora.xtec.cat\/esc-santjordi-svmontalt\/wp-json\/wp\/v2\/categories?post=13486"},{"taxonomy":"post_tag","embeddable":true,"href":"https:\/\/agora.xtec.cat\/esc-santjordi-svmontalt\/wp-json\/wp\/v2\/tags?post=13486"}],"curies":[{"name":"wp","href":"https:\/\/api.w.org\/{rel}","templated":true}]}}