{"id":13443,"date":"2026-03-05T10:00:55","date_gmt":"2026-03-05T09:00:55","guid":{"rendered":"https:\/\/agora.xtec.cat\/esc-santjordi-svmontalt\/?p=13443"},"modified":"2026-03-03T17:17:13","modified_gmt":"2026-03-03T16:17:13","slug":"fundacio-barca","status":"publish","type":"post","link":"https:\/\/agora.xtec.cat\/esc-santjordi-svmontalt\/infantil\/i5\/fundacio-barca\/","title":{"rendered":"FUNDACI\u00d3 BAR\u00c7A"},"content":{"rendered":"<p>Aquesta setmana hem fet activitats que formen part del projecte de la Fundaci\u00f3 Bar\u00e7a, per treballar temes tan importants com el bulling, el respecte i la inclusi\u00f3 social, a m\u00e9s de la lluita contra la viol\u00e8ncia. Aquest projecte es fa a tots els cursos. Hem fet una activitat a tutoria i una altre en una sessi\u00f3 de psicomotricitat:<\/p>\n<p><a href=\"https:\/\/drive.google.com\/drive\/folders\/1278IFUdCUKeLgHlnTEUzk-0wvB1SIQNY?usp=drive_link\" target=\"_blank\" rel=\"noopener\">FUNDACI\u00d3 BAR\u00c7A<\/a><\/p>\n","protected":false},"excerpt":{"rendered":"<p>Aquesta setmana hem fet activitats que formen part del projecte de la Fundaci\u00f3 Bar\u00e7a, per treballar temes tan importants com el bulling, el respecte i la inclusi\u00f3 social, a m\u00e9s de la lluita contra la viol\u00e8ncia. Aquest projecte es fa a tots els cursos. Hem&hellip;  <a href=\"https:\/\/agora.xtec.cat\/esc-santjordi-svmontalt\/infantil\/i5\/fundacio-barca\/\" title=\"Read FUNDACI\u00d3 BAR\u00c7A\">Llegeix m\u00e9s\u00bb<\/a><\/p>\n","protected":false},"author":42,"featured_media":0,"comment_status":"open","ping_status":"open","sticky":false,"template":"","format":"standard","meta":{"_bbp_topic_count":0,"_bbp_reply_count":0,"_bbp_total_topic_count":0,"_bbp_total_reply_count":0,"_bbp_voice_count":0,"_bbp_anonymous_reply_count":0,"_bbp_topic_count_hidden":0,"_bbp_reply_count_hidden":0,"_bbp_forum_subforum_count":0,"footnotes":""},"categories":[9],"tags":[],"class_list":["post-13443","post","type-post","status-publish","format-standard","hentry","category-i5"],"post_mailing_queue_ids":[],"_links":{"self":[{"href":"https:\/\/agora.xtec.cat\/esc-santjordi-svmontalt\/wp-json\/wp\/v2\/posts\/13443","targetHints":{"allow":["GET"]}}],"collection":[{"href":"https:\/\/agora.xtec.cat\/esc-santjordi-svmontalt\/wp-json\/wp\/v2\/posts"}],"about":[{"href":"https:\/\/agora.xtec.cat\/esc-santjordi-svmontalt\/wp-json\/wp\/v2\/types\/post"}],"author":[{"embeddable":true,"href":"https:\/\/agora.xtec.cat\/esc-santjordi-svmontalt\/wp-json\/wp\/v2\/users\/42"}],"replies":[{"embeddable":true,"href":"https:\/\/agora.xtec.cat\/esc-santjordi-svmontalt\/wp-json\/wp\/v2\/comments?post=13443"}],"version-history":[{"count":1,"href":"https:\/\/agora.xtec.cat\/esc-santjordi-svmontalt\/wp-json\/wp\/v2\/posts\/13443\/revisions"}],"predecessor-version":[{"id":13444,"href":"https:\/\/agora.xtec.cat\/esc-santjordi-svmontalt\/wp-json\/wp\/v2\/posts\/13443\/revisions\/13444"}],"wp:attachment":[{"href":"https:\/\/agora.xtec.cat\/esc-santjordi-svmontalt\/wp-json\/wp\/v2\/media?parent=13443"}],"wp:term":[{"taxonomy":"category","embeddable":true,"href":"https:\/\/agora.xtec.cat\/esc-santjordi-svmontalt\/wp-json\/wp\/v2\/categories?post=13443"},{"taxonomy":"post_tag","embeddable":true,"href":"https:\/\/agora.xtec.cat\/esc-santjordi-svmontalt\/wp-json\/wp\/v2\/tags?post=13443"}],"curies":[{"name":"wp","href":"https:\/\/api.w.org\/{rel}","templated":true}]}}