{"id":13423,"date":"2026-02-17T16:46:47","date_gmt":"2026-02-17T15:46:47","guid":{"rendered":"https:\/\/agora.xtec.cat\/esc-santjordi-svmontalt\/?p=13423"},"modified":"2026-02-17T16:51:33","modified_gmt":"2026-02-17T15:51:33","slug":"carnaval-2026","status":"publish","type":"post","link":"https:\/\/agora.xtec.cat\/esc-santjordi-svmontalt\/general\/carnaval-2026\/","title":{"rendered":"CARNAVAL 2026"},"content":{"rendered":"<p><img loading=\"lazy\" decoding=\"async\" class=\"wp-image-13425 alignleft\" src=\"https:\/\/agora.xtec.cat\/esc-santjordi-svmontalt\/wp-content\/uploads\/usu1728\/2026\/02\/PHOTO-2026-02-17-16-32-58.jpg\" alt=\"\" width=\"270\" height=\"359\" \/><\/p>\n<p>Hem viscut una setmana de carnaval molt at\u00edpica, per\u00f2 no per aix\u00f2 hem deixat de gaudir.<\/p>\n<p>Va arribar el Carnestoltes amb les consignes molt clares, les hem fet, ens hem disfressat, hem menjat xocolata amb melindros&#8230; MOLTES GR\u00c0CIES AFA! Estava bon\u00edssima, gr\u00e0cies tamb\u00e9 a Campos Estela i a la Montse que sempre fa que ens llepem els dits.<\/p>\n<p>Us deixem un enlla\u00e7 amb les imatges i v\u00eddeos de la festa, que enguany ha hagut de ser interna perqu\u00e8 la pluja no ens ha deixat sortir.<\/p>\n<p><a href=\"https:\/\/drive.google.com\/drive\/folders\/19VekriHudWLzLMV6miWV1gb9t8CBDBfj?usp=drive_link\" target=\"_blank\" rel=\"noopener\">ENLLA\u00c7 IMATGES I V\u00cdDEO<\/a><\/p>\n","protected":false},"excerpt":{"rendered":"<p>Hem viscut una setmana de carnaval molt at\u00edpica, per\u00f2 no per aix\u00f2 hem deixat de gaudir.<br \/>\nVa arribar el Carnestoltes amb les consignes molt clares, les hem fet, ens hem disfressat, hem menjat xocolata amb melindros&#8230; MOLTES GR\u00c0CIES AFA! Estava bon\u00edssima, gr\u00e0cies tamb\u00e9 a Campos Estela&hellip;  <a href=\"https:\/\/agora.xtec.cat\/esc-santjordi-svmontalt\/general\/carnaval-2026\/\" title=\"Read CARNAVAL 2026\">Llegeix m\u00e9s\u00bb<\/a><\/p>\n","protected":false},"author":1,"featured_media":13425,"comment_status":"closed","ping_status":"closed","sticky":false,"template":"","format":"standard","meta":{"_bbp_topic_count":0,"_bbp_reply_count":0,"_bbp_total_topic_count":0,"_bbp_total_reply_count":0,"_bbp_voice_count":0,"_bbp_anonymous_reply_count":0,"_bbp_topic_count_hidden":0,"_bbp_reply_count_hidden":0,"_bbp_forum_subforum_count":0,"footnotes":""},"categories":[2,5,1,166],"tags":[],"class_list":["post-13423","post","type-post","status-publish","format-standard","has-post-thumbnail","hentry","category-infantil","category-primaria","category-general","category-portada"],"post_mailing_queue_ids":[],"_links":{"self":[{"href":"https:\/\/agora.xtec.cat\/esc-santjordi-svmontalt\/wp-json\/wp\/v2\/posts\/13423","targetHints":{"allow":["GET"]}}],"collection":[{"href":"https:\/\/agora.xtec.cat\/esc-santjordi-svmontalt\/wp-json\/wp\/v2\/posts"}],"about":[{"href":"https:\/\/agora.xtec.cat\/esc-santjordi-svmontalt\/wp-json\/wp\/v2\/types\/post"}],"author":[{"embeddable":true,"href":"https:\/\/agora.xtec.cat\/esc-santjordi-svmontalt\/wp-json\/wp\/v2\/users\/1"}],"replies":[{"embeddable":true,"href":"https:\/\/agora.xtec.cat\/esc-santjordi-svmontalt\/wp-json\/wp\/v2\/comments?post=13423"}],"version-history":[{"count":1,"href":"https:\/\/agora.xtec.cat\/esc-santjordi-svmontalt\/wp-json\/wp\/v2\/posts\/13423\/revisions"}],"predecessor-version":[{"id":13426,"href":"https:\/\/agora.xtec.cat\/esc-santjordi-svmontalt\/wp-json\/wp\/v2\/posts\/13423\/revisions\/13426"}],"wp:featuredmedia":[{"embeddable":true,"href":"https:\/\/agora.xtec.cat\/esc-santjordi-svmontalt\/wp-json\/wp\/v2\/media\/13425"}],"wp:attachment":[{"href":"https:\/\/agora.xtec.cat\/esc-santjordi-svmontalt\/wp-json\/wp\/v2\/media?parent=13423"}],"wp:term":[{"taxonomy":"category","embeddable":true,"href":"https:\/\/agora.xtec.cat\/esc-santjordi-svmontalt\/wp-json\/wp\/v2\/categories?post=13423"},{"taxonomy":"post_tag","embeddable":true,"href":"https:\/\/agora.xtec.cat\/esc-santjordi-svmontalt\/wp-json\/wp\/v2\/tags?post=13423"}],"curies":[{"name":"wp","href":"https:\/\/api.w.org\/{rel}","templated":true}]}}