{"id":13413,"date":"2026-02-17T08:42:52","date_gmt":"2026-02-17T07:42:52","guid":{"rendered":"https:\/\/agora.xtec.cat\/esc-santjordi-svmontalt\/?p=13413"},"modified":"2026-02-17T08:43:36","modified_gmt":"2026-02-17T07:43:36","slug":"setmana-de-carnaval","status":"publish","type":"post","link":"https:\/\/agora.xtec.cat\/esc-santjordi-svmontalt\/general\/setmana-de-carnaval\/","title":{"rendered":"Setmana de CARNAVAL"},"content":{"rendered":"<p>Els nens i nenes de primer vam gaudir molt de la setmana de CARNAVAL i de les diferents consignes. Divendres vam portar disfresses molt originals i vam compartit moments molt especials. Ens ho vam passar d\u2019all\u00f2 m\u00e9s b\u00e9 ballant. Us deixem unes <a href=\"https:\/\/drive.google.com\/drive\/folders\/1azJNIBOyL0V54lCPzzRaO2EPC1l2HiKE?usp=drive_link\">fotos<\/a> perqu\u00e8 pugueu veure com vam viure aquesta setmana.<\/p>\n","protected":false},"excerpt":{"rendered":"<p>Els nens i nenes de primer vam gaudir molt de la setmana de CARNAVAL i de les diferents consignes. Divendres vam portar disfresses molt originals i vam compartit moments molt especials. Ens ho vam passar d\u2019all\u00f2 m\u00e9s b\u00e9 ballant. Us deixem unes <a href=\"https:\/\/drive.google.com\/drive\/folders\/1azJNIBOyL0V54lCPzzRaO2EPC1l2HiKE?usp=drive_link\">fotos<\/a> perqu\u00e8&hellip;  <a href=\"https:\/\/agora.xtec.cat\/esc-santjordi-svmontalt\/general\/setmana-de-carnaval\/\" title=\"Read Setmana de CARNAVAL\">Llegeix m\u00e9s\u00bb<\/a><\/p>\n","protected":false},"author":36,"featured_media":0,"comment_status":"open","ping_status":"open","sticky":false,"template":"","format":"standard","meta":{"_bbp_topic_count":0,"_bbp_reply_count":0,"_bbp_total_topic_count":0,"_bbp_total_reply_count":0,"_bbp_voice_count":0,"_bbp_anonymous_reply_count":0,"_bbp_topic_count_hidden":0,"_bbp_reply_count_hidden":0,"_bbp_forum_subforum_count":0,"footnotes":""},"categories":[10,5,1],"tags":[],"class_list":["post-13413","post","type-post","status-publish","format-standard","hentry","category-1r","category-primaria","category-general"],"post_mailing_queue_ids":[],"_links":{"self":[{"href":"https:\/\/agora.xtec.cat\/esc-santjordi-svmontalt\/wp-json\/wp\/v2\/posts\/13413","targetHints":{"allow":["GET"]}}],"collection":[{"href":"https:\/\/agora.xtec.cat\/esc-santjordi-svmontalt\/wp-json\/wp\/v2\/posts"}],"about":[{"href":"https:\/\/agora.xtec.cat\/esc-santjordi-svmontalt\/wp-json\/wp\/v2\/types\/post"}],"author":[{"embeddable":true,"href":"https:\/\/agora.xtec.cat\/esc-santjordi-svmontalt\/wp-json\/wp\/v2\/users\/36"}],"replies":[{"embeddable":true,"href":"https:\/\/agora.xtec.cat\/esc-santjordi-svmontalt\/wp-json\/wp\/v2\/comments?post=13413"}],"version-history":[{"count":2,"href":"https:\/\/agora.xtec.cat\/esc-santjordi-svmontalt\/wp-json\/wp\/v2\/posts\/13413\/revisions"}],"predecessor-version":[{"id":13417,"href":"https:\/\/agora.xtec.cat\/esc-santjordi-svmontalt\/wp-json\/wp\/v2\/posts\/13413\/revisions\/13417"}],"wp:attachment":[{"href":"https:\/\/agora.xtec.cat\/esc-santjordi-svmontalt\/wp-json\/wp\/v2\/media?parent=13413"}],"wp:term":[{"taxonomy":"category","embeddable":true,"href":"https:\/\/agora.xtec.cat\/esc-santjordi-svmontalt\/wp-json\/wp\/v2\/categories?post=13413"},{"taxonomy":"post_tag","embeddable":true,"href":"https:\/\/agora.xtec.cat\/esc-santjordi-svmontalt\/wp-json\/wp\/v2\/tags?post=13413"}],"curies":[{"name":"wp","href":"https:\/\/api.w.org\/{rel}","templated":true}]}}