{"id":13387,"date":"2026-02-04T09:41:50","date_gmt":"2026-02-04T08:41:50","guid":{"rendered":"https:\/\/agora.xtec.cat\/esc-santjordi-svmontalt\/?p=13387"},"modified":"2026-02-03T17:48:33","modified_gmt":"2026-02-03T16:48:33","slug":"sortida-a-can-xicoy","status":"publish","type":"post","link":"https:\/\/agora.xtec.cat\/esc-santjordi-svmontalt\/infantil\/i3\/sortida-a-can-xicoy\/","title":{"rendered":"SORTIDA A CAN XICOY"},"content":{"rendered":"<p>Ahir vam anar d\u2019excursi\u00f3 a la granja Can Xicoy a Arenys de Munt. Vam poder donar de menjar a vaques, rucs i cabres. Despr\u00e9s vam veure com treuen la llet de les cabres, on la guarden i els formatges que fan. Al migdia vam anar a Can Jalp\u00ed a dinar i jugar una estona. Com veureu, ens ho vam passar genial!!!<\/p>\n<p><a href=\"https:\/\/drive.google.com\/drive\/folders\/1kzXjXXgDSonScN0wOq02UFHEkoD7XOOU\" target=\"_blank\" rel=\"noopener\">CAN XICOY<\/a><\/p>\n<p>&nbsp;<\/p>\n","protected":false},"excerpt":{"rendered":"<p>Ahir vam anar d\u2019excursi\u00f3 a la granja Can Xicoy a Arenys de Munt. Vam poder donar de menjar a vaques, rucs i cabres. Despr\u00e9s vam veure com treuen la llet de les cabres, on la guarden i els formatges que fan. Al migdia vam anar&hellip;  <a href=\"https:\/\/agora.xtec.cat\/esc-santjordi-svmontalt\/infantil\/i3\/sortida-a-can-xicoy\/\" title=\"Read SORTIDA A CAN XICOY\">Llegeix m\u00e9s\u00bb<\/a><\/p>\n","protected":false},"author":42,"featured_media":0,"comment_status":"open","ping_status":"open","sticky":false,"template":"","format":"standard","meta":{"_bbp_topic_count":0,"_bbp_reply_count":0,"_bbp_total_topic_count":0,"_bbp_total_reply_count":0,"_bbp_voice_count":0,"_bbp_anonymous_reply_count":0,"_bbp_topic_count_hidden":0,"_bbp_reply_count_hidden":0,"_bbp_forum_subforum_count":0,"footnotes":""},"categories":[3,8,9],"tags":[],"class_list":["post-13387","post","type-post","status-publish","format-standard","hentry","category-i3","category-i4","category-i5"],"post_mailing_queue_ids":[],"_links":{"self":[{"href":"https:\/\/agora.xtec.cat\/esc-santjordi-svmontalt\/wp-json\/wp\/v2\/posts\/13387","targetHints":{"allow":["GET"]}}],"collection":[{"href":"https:\/\/agora.xtec.cat\/esc-santjordi-svmontalt\/wp-json\/wp\/v2\/posts"}],"about":[{"href":"https:\/\/agora.xtec.cat\/esc-santjordi-svmontalt\/wp-json\/wp\/v2\/types\/post"}],"author":[{"embeddable":true,"href":"https:\/\/agora.xtec.cat\/esc-santjordi-svmontalt\/wp-json\/wp\/v2\/users\/42"}],"replies":[{"embeddable":true,"href":"https:\/\/agora.xtec.cat\/esc-santjordi-svmontalt\/wp-json\/wp\/v2\/comments?post=13387"}],"version-history":[{"count":1,"href":"https:\/\/agora.xtec.cat\/esc-santjordi-svmontalt\/wp-json\/wp\/v2\/posts\/13387\/revisions"}],"predecessor-version":[{"id":13388,"href":"https:\/\/agora.xtec.cat\/esc-santjordi-svmontalt\/wp-json\/wp\/v2\/posts\/13387\/revisions\/13388"}],"wp:attachment":[{"href":"https:\/\/agora.xtec.cat\/esc-santjordi-svmontalt\/wp-json\/wp\/v2\/media?parent=13387"}],"wp:term":[{"taxonomy":"category","embeddable":true,"href":"https:\/\/agora.xtec.cat\/esc-santjordi-svmontalt\/wp-json\/wp\/v2\/categories?post=13387"},{"taxonomy":"post_tag","embeddable":true,"href":"https:\/\/agora.xtec.cat\/esc-santjordi-svmontalt\/wp-json\/wp\/v2\/tags?post=13387"}],"curies":[{"name":"wp","href":"https:\/\/api.w.org\/{rel}","templated":true}]}}