{"id":13379,"date":"2026-01-30T08:15:34","date_gmt":"2026-01-30T07:15:34","guid":{"rendered":"https:\/\/agora.xtec.cat\/esc-santjordi-svmontalt\/?p=13379"},"modified":"2026-01-30T08:15:34","modified_gmt":"2026-01-30T07:15:34","slug":"taller-toca-toca","status":"publish","type":"post","link":"https:\/\/agora.xtec.cat\/esc-santjordi-svmontalt\/primaria\/taller-toca-toca\/","title":{"rendered":"TALLER TOCA-TOCA"},"content":{"rendered":"<p data-start=\"177\" data-end=\"517\"><a href=\"https:\/\/agora.xtec.cat\/esc-santjordi-svmontalt\/wp-content\/uploads\/usu1728\/2026\/01\/IMG_4507.jpg\"><img loading=\"lazy\" decoding=\"async\" class=\"aligncenter size-medium wp-image-13380\" src=\"https:\/\/agora.xtec.cat\/esc-santjordi-svmontalt\/wp-content\/uploads\/usu1728\/2026\/01\/IMG_4507-300x197.jpg\" alt=\"\" width=\"300\" height=\"197\" srcset=\"https:\/\/agora.xtec.cat\/esc-santjordi-svmontalt\/wp-content\/uploads\/usu1728\/2026\/01\/IMG_4507-300x197.jpg 300w, https:\/\/agora.xtec.cat\/esc-santjordi-svmontalt\/wp-content\/uploads\/usu1728\/2026\/01\/IMG_4507-1024x673.jpg 1024w, https:\/\/agora.xtec.cat\/esc-santjordi-svmontalt\/wp-content\/uploads\/usu1728\/2026\/01\/IMG_4507-768x505.jpg 768w, https:\/\/agora.xtec.cat\/esc-santjordi-svmontalt\/wp-content\/uploads\/usu1728\/2026\/01\/IMG_4507-1536x1009.jpg 1536w, https:\/\/agora.xtec.cat\/esc-santjordi-svmontalt\/wp-content\/uploads\/usu1728\/2026\/01\/IMG_4507-2048x1346.jpg 2048w\" sizes=\"auto, (max-width: 300px) 100vw, 300px\" \/><\/a><\/p>\n<p data-start=\"177\" data-end=\"517\">Els nens i nenes de 1r hem iniciat el projecte dels animals amb un taller molt especial. Durant l\u2019activitat, hem conegut els diferents tipus d\u2019animals vertebrats i n\u2019hem descobert les principals caracter\u00edstiques a trav\u00e9s de l\u2019observaci\u00f3.<\/p>\n<p data-start=\"519\" data-end=\"803\">Un dels moments m\u00e9s emocionants del taller ha estat poder veure animals en directe, tocar-los amb cura i respecte, i aprendre curiositats sobre la seva manera de viure. Aquesta experi\u00e8ncia ens ha despertat la curiositat i ha afavorit un aprenentatge significatiu i vivencial.<\/p>\n<p data-start=\"805\" data-end=\"1266\">Al llarg del taller, hem treballat diversos valors i aprenentatges importants, com ara la conscienciaci\u00f3 sobre la tinen\u00e7a responsable d\u2019animals i el respecte per totes les formes de vida. Ha estat una activitat molt motivadora que ens ha perm\u00e8s aprendre, gaudir i prendre consci\u00e8ncia de la import\u00e0ncia de tots els \u00e9ssers vius al planeta.<\/p>\n<p data-start=\"805\" data-end=\"1266\">Us deixem un recull d&#8217;<a href=\"https:\/\/drive.google.com\/drive\/folders\/1ff2n1P65e8xV8QlKAAeqN99j-RlHnBkE?usp=sharing\">imatges.<\/a><\/p>\n","protected":false},"excerpt":{"rendered":"<p><a href=\"https:\/\/agora.xtec.cat\/esc-santjordi-svmontalt\/wp-content\/uploads\/usu1728\/2026\/01\/IMG_4507.jpg\"><\/a><br \/>\nEls nens i nenes de 1r hem iniciat el projecte dels animals amb un taller molt especial. Durant l\u2019activitat, hem conegut els diferents tipus d\u2019animals vertebrats i n\u2019hem descobert les principals caracter\u00edstiques a trav\u00e9s de l\u2019observaci\u00f3.<br \/>\nUn dels moments m\u00e9s emocionants del taller ha estat&hellip;  <a href=\"https:\/\/agora.xtec.cat\/esc-santjordi-svmontalt\/primaria\/taller-toca-toca\/\" title=\"Read TALLER TOCA-TOCA\">Llegeix m\u00e9s\u00bb<\/a><\/p>\n","protected":false},"author":36,"featured_media":0,"comment_status":"open","ping_status":"open","sticky":false,"template":"","format":"standard","meta":{"_bbp_topic_count":0,"_bbp_reply_count":0,"_bbp_total_topic_count":0,"_bbp_total_reply_count":0,"_bbp_voice_count":0,"_bbp_anonymous_reply_count":0,"_bbp_topic_count_hidden":0,"_bbp_reply_count_hidden":0,"_bbp_forum_subforum_count":0,"footnotes":""},"categories":[10,5],"tags":[],"class_list":["post-13379","post","type-post","status-publish","format-standard","hentry","category-1r","category-primaria"],"post_mailing_queue_ids":[],"_links":{"self":[{"href":"https:\/\/agora.xtec.cat\/esc-santjordi-svmontalt\/wp-json\/wp\/v2\/posts\/13379","targetHints":{"allow":["GET"]}}],"collection":[{"href":"https:\/\/agora.xtec.cat\/esc-santjordi-svmontalt\/wp-json\/wp\/v2\/posts"}],"about":[{"href":"https:\/\/agora.xtec.cat\/esc-santjordi-svmontalt\/wp-json\/wp\/v2\/types\/post"}],"author":[{"embeddable":true,"href":"https:\/\/agora.xtec.cat\/esc-santjordi-svmontalt\/wp-json\/wp\/v2\/users\/36"}],"replies":[{"embeddable":true,"href":"https:\/\/agora.xtec.cat\/esc-santjordi-svmontalt\/wp-json\/wp\/v2\/comments?post=13379"}],"version-history":[{"count":1,"href":"https:\/\/agora.xtec.cat\/esc-santjordi-svmontalt\/wp-json\/wp\/v2\/posts\/13379\/revisions"}],"predecessor-version":[{"id":13381,"href":"https:\/\/agora.xtec.cat\/esc-santjordi-svmontalt\/wp-json\/wp\/v2\/posts\/13379\/revisions\/13381"}],"wp:attachment":[{"href":"https:\/\/agora.xtec.cat\/esc-santjordi-svmontalt\/wp-json\/wp\/v2\/media?parent=13379"}],"wp:term":[{"taxonomy":"category","embeddable":true,"href":"https:\/\/agora.xtec.cat\/esc-santjordi-svmontalt\/wp-json\/wp\/v2\/categories?post=13379"},{"taxonomy":"post_tag","embeddable":true,"href":"https:\/\/agora.xtec.cat\/esc-santjordi-svmontalt\/wp-json\/wp\/v2\/tags?post=13379"}],"curies":[{"name":"wp","href":"https:\/\/api.w.org\/{rel}","templated":true}]}}