{"id":13344,"date":"2026-01-16T08:25:56","date_gmt":"2026-01-16T07:25:56","guid":{"rendered":"https:\/\/agora.xtec.cat\/esc-santjordi-svmontalt\/?p=13344"},"modified":"2026-01-16T08:28:06","modified_gmt":"2026-01-16T07:28:06","slug":"els-lemes-de-la-convivencia","status":"publish","type":"post","link":"https:\/\/agora.xtec.cat\/esc-santjordi-svmontalt\/general\/els-lemes-de-la-convivencia\/","title":{"rendered":"ELS LEMES DE LA CONVIV\u00c8NCIA"},"content":{"rendered":"<p><a href=\"https:\/\/agora.xtec.cat\/esc-santjordi-svmontalt\/wp-content\/uploads\/usu1728\/2026\/01\/IMG_2145.jpg\"><img loading=\"lazy\" decoding=\"async\" class=\"alignnone wp-image-13345\" src=\"https:\/\/agora.xtec.cat\/esc-santjordi-svmontalt\/wp-content\/uploads\/usu1728\/2026\/01\/IMG_2145-1024x825.jpg\" alt=\"\" width=\"411\" height=\"331\" srcset=\"https:\/\/agora.xtec.cat\/esc-santjordi-svmontalt\/wp-content\/uploads\/usu1728\/2026\/01\/IMG_2145-1024x825.jpg 1024w, https:\/\/agora.xtec.cat\/esc-santjordi-svmontalt\/wp-content\/uploads\/usu1728\/2026\/01\/IMG_2145-300x242.jpg 300w, https:\/\/agora.xtec.cat\/esc-santjordi-svmontalt\/wp-content\/uploads\/usu1728\/2026\/01\/IMG_2145-768x618.jpg 768w, https:\/\/agora.xtec.cat\/esc-santjordi-svmontalt\/wp-content\/uploads\/usu1728\/2026\/01\/IMG_2145-1536x1237.jpg 1536w, https:\/\/agora.xtec.cat\/esc-santjordi-svmontalt\/wp-content\/uploads\/usu1728\/2026\/01\/IMG_2145-2048x1649.jpg 2048w\" sizes=\"auto, (max-width: 411px) 100vw, 411px\" \/><\/a><\/p>\n<p><span style=\"font-weight: 400\">A l\u2019escola, conviure no \u00e9s nom\u00e9s compartir un espai; sin\u00f3 aprendre a viure junts, respectar-nos, ajudar-nos, escoltar-nos i sentir-nos part d\u2019un grup. Per aquest motiu, aquest any ho treballarem al llarg de tot el curs mitjan\u00e7ant els lemes de la conviv\u00e8ncia.<\/span><\/p>\n<p><span style=\"font-weight: 400\">Els lemes de la conviv\u00e8ncia s\u00f3n missatges curts i positius que ens plantegen una activitat amb un objectiu\/valor concret: l\u2019ajuda, el respecte, la cooperaci\u00f3, l\u2019\u00fas de bones paraules, l\u2019empatia, etc.\u00a0<\/span><\/p>\n<p><span style=\"font-weight: 400\">De moment, s\u2019han treballat aquests dos lemes: \u201cSom un equip\u201d, permet aprendre a treballar en equip i respectar les idees dels altres i \u201cMans que ajuden\u201d fomenta la col\u00b7laboraci\u00f3 i permet valorar l\u2019ajuda entre companys\/es.<\/span><\/p>\n<p>Aqu\u00ed us deixem un recull d&#8217;<a href=\"https:\/\/drive.google.com\/drive\/folders\/1AKejyH-QWKeYfNEFoaj38APFXIpnCCx_?usp=sharing\">imatges.<\/a><\/p>\n","protected":false},"excerpt":{"rendered":"<p><a href=\"https:\/\/agora.xtec.cat\/esc-santjordi-svmontalt\/wp-content\/uploads\/usu1728\/2026\/01\/IMG_2145.jpg\"><\/a><br \/>\nA l\u2019escola, conviure no \u00e9s nom\u00e9s compartir un espai; sin\u00f3 aprendre a viure junts, respectar-nos, ajudar-nos, escoltar-nos i sentir-nos part d\u2019un grup. Per aquest motiu, aquest any ho treballarem al llarg de tot el curs mitjan\u00e7ant els lemes de la conviv\u00e8ncia.<br \/>\nEls lemes de la&hellip;  <a href=\"https:\/\/agora.xtec.cat\/esc-santjordi-svmontalt\/general\/els-lemes-de-la-convivencia\/\" title=\"Read ELS LEMES DE LA CONVIV\u00c8NCIA\">Llegeix m\u00e9s\u00bb<\/a><\/p>\n","protected":false},"author":36,"featured_media":0,"comment_status":"open","ping_status":"open","sticky":false,"template":"","format":"standard","meta":{"_bbp_topic_count":0,"_bbp_reply_count":0,"_bbp_total_topic_count":0,"_bbp_total_reply_count":0,"_bbp_voice_count":0,"_bbp_anonymous_reply_count":0,"_bbp_topic_count_hidden":0,"_bbp_reply_count_hidden":0,"_bbp_forum_subforum_count":0,"footnotes":""},"categories":[2,5,1,166],"tags":[],"class_list":["post-13344","post","type-post","status-publish","format-standard","hentry","category-infantil","category-primaria","category-general","category-portada"],"post_mailing_queue_ids":[],"_links":{"self":[{"href":"https:\/\/agora.xtec.cat\/esc-santjordi-svmontalt\/wp-json\/wp\/v2\/posts\/13344","targetHints":{"allow":["GET"]}}],"collection":[{"href":"https:\/\/agora.xtec.cat\/esc-santjordi-svmontalt\/wp-json\/wp\/v2\/posts"}],"about":[{"href":"https:\/\/agora.xtec.cat\/esc-santjordi-svmontalt\/wp-json\/wp\/v2\/types\/post"}],"author":[{"embeddable":true,"href":"https:\/\/agora.xtec.cat\/esc-santjordi-svmontalt\/wp-json\/wp\/v2\/users\/36"}],"replies":[{"embeddable":true,"href":"https:\/\/agora.xtec.cat\/esc-santjordi-svmontalt\/wp-json\/wp\/v2\/comments?post=13344"}],"version-history":[{"count":3,"href":"https:\/\/agora.xtec.cat\/esc-santjordi-svmontalt\/wp-json\/wp\/v2\/posts\/13344\/revisions"}],"predecessor-version":[{"id":13348,"href":"https:\/\/agora.xtec.cat\/esc-santjordi-svmontalt\/wp-json\/wp\/v2\/posts\/13344\/revisions\/13348"}],"wp:attachment":[{"href":"https:\/\/agora.xtec.cat\/esc-santjordi-svmontalt\/wp-json\/wp\/v2\/media?parent=13344"}],"wp:term":[{"taxonomy":"category","embeddable":true,"href":"https:\/\/agora.xtec.cat\/esc-santjordi-svmontalt\/wp-json\/wp\/v2\/categories?post=13344"},{"taxonomy":"post_tag","embeddable":true,"href":"https:\/\/agora.xtec.cat\/esc-santjordi-svmontalt\/wp-json\/wp\/v2\/tags?post=13344"}],"curies":[{"name":"wp","href":"https:\/\/api.w.org\/{rel}","templated":true}]}}