{"id":13311,"date":"2025-12-17T11:23:36","date_gmt":"2025-12-17T10:23:36","guid":{"rendered":"https:\/\/agora.xtec.cat\/esc-santjordi-svmontalt\/?p=13311"},"modified":"2025-12-17T11:23:36","modified_gmt":"2025-12-17T10:23:36","slug":"visitem-els-avis","status":"publish","type":"post","link":"https:\/\/agora.xtec.cat\/esc-santjordi-svmontalt\/primaria\/2n\/visitem-els-avis\/","title":{"rendered":"Visitem els avis!"},"content":{"rendered":"<p data-start=\"81\" data-end=\"384\">Avui, els alumnes de 2n i 5\u00e8 de l\u2019escola han viscut una experi\u00e8ncia molt especial amb una visita a la resid\u00e8ncia <strong data-start=\"194\" data-end=\"208\">Vora Bal\u00eds<\/strong>. Amb molta il\u00b7lusi\u00f3 i ganes de compartir, els nens i nenes han cantat un recull de <strong data-start=\"292\" data-end=\"303\">nadales<\/strong> als avis i \u00e0vies, omplint la resid\u00e8ncia de m\u00fasica, somriures i ambient nadalenc.<\/p>\n<p data-start=\"386\" data-end=\"683\">Els residents han gaudit molt de les can\u00e7ons i han agra\u00eft la visita amb aplaudiments i mirades d\u2019emoci\u00f3. Despr\u00e9s de les nadales, tots <strong data-start=\"520\" data-end=\"536\">tots plegats<\/strong> hem participat en una activitat molt divertida: un <strong data-start=\"588\" data-end=\"605\">bingo musical<\/strong>, que ha fet cantar, riure i compartir una estona de joc entre alumnes i avis.<\/p>\n<p data-start=\"685\" data-end=\"931\" data-is-last-node=\"\" data-is-only-node=\"\">Ha estat una sortida molt enriquidora, plena de moments entranyables, que ha perm\u00e8s als alumnes aprendre la import\u00e0ncia de compartir temps, alegria i afecte amb les persones grans. Sens dubte, una experi\u00e8ncia que recordarem amb molta estima. \ud83c\udfb6\ud83c\udf84<\/p>\n<p data-start=\"685\" data-end=\"931\" data-is-last-node=\"\" data-is-only-node=\"\"><a href=\"https:\/\/drive.google.com\/drive\/folders\/1wfwElju-rWdYRmdTOXpSqWKUlDHqaicE?usp=sharing\">FOTOS I V\u00cdDEOS<\/a><\/p>\n","protected":false},"excerpt":{"rendered":"<p>Avui, els alumnes de 2n i 5\u00e8 de l\u2019escola han viscut una experi\u00e8ncia molt especial amb una visita a la resid\u00e8ncia Vora Bal\u00eds. Amb molta il\u00b7lusi\u00f3 i ganes de compartir, els nens i nenes han cantat un recull de nadales als avis i \u00e0vies, omplint&hellip;  <a href=\"https:\/\/agora.xtec.cat\/esc-santjordi-svmontalt\/primaria\/2n\/visitem-els-avis\/\" title=\"Read Visitem els avis!\">Llegeix m\u00e9s\u00bb<\/a><\/p>\n","protected":false},"author":44,"featured_media":0,"comment_status":"open","ping_status":"open","sticky":false,"template":"","format":"standard","meta":{"_bbp_topic_count":0,"_bbp_reply_count":0,"_bbp_total_topic_count":0,"_bbp_total_reply_count":0,"_bbp_voice_count":0,"_bbp_anonymous_reply_count":0,"_bbp_topic_count_hidden":0,"_bbp_reply_count_hidden":0,"_bbp_forum_subforum_count":0,"footnotes":""},"categories":[11,14],"tags":[],"class_list":["post-13311","post","type-post","status-publish","format-standard","hentry","category-2n","category-5e"],"post_mailing_queue_ids":[],"_links":{"self":[{"href":"https:\/\/agora.xtec.cat\/esc-santjordi-svmontalt\/wp-json\/wp\/v2\/posts\/13311","targetHints":{"allow":["GET"]}}],"collection":[{"href":"https:\/\/agora.xtec.cat\/esc-santjordi-svmontalt\/wp-json\/wp\/v2\/posts"}],"about":[{"href":"https:\/\/agora.xtec.cat\/esc-santjordi-svmontalt\/wp-json\/wp\/v2\/types\/post"}],"author":[{"embeddable":true,"href":"https:\/\/agora.xtec.cat\/esc-santjordi-svmontalt\/wp-json\/wp\/v2\/users\/44"}],"replies":[{"embeddable":true,"href":"https:\/\/agora.xtec.cat\/esc-santjordi-svmontalt\/wp-json\/wp\/v2\/comments?post=13311"}],"version-history":[{"count":2,"href":"https:\/\/agora.xtec.cat\/esc-santjordi-svmontalt\/wp-json\/wp\/v2\/posts\/13311\/revisions"}],"predecessor-version":[{"id":13322,"href":"https:\/\/agora.xtec.cat\/esc-santjordi-svmontalt\/wp-json\/wp\/v2\/posts\/13311\/revisions\/13322"}],"wp:attachment":[{"href":"https:\/\/agora.xtec.cat\/esc-santjordi-svmontalt\/wp-json\/wp\/v2\/media?parent=13311"}],"wp:term":[{"taxonomy":"category","embeddable":true,"href":"https:\/\/agora.xtec.cat\/esc-santjordi-svmontalt\/wp-json\/wp\/v2\/categories?post=13311"},{"taxonomy":"post_tag","embeddable":true,"href":"https:\/\/agora.xtec.cat\/esc-santjordi-svmontalt\/wp-json\/wp\/v2\/tags?post=13311"}],"curies":[{"name":"wp","href":"https:\/\/api.w.org\/{rel}","templated":true}]}}