{"id":13300,"date":"2025-12-16T09:30:02","date_gmt":"2025-12-16T08:30:02","guid":{"rendered":"https:\/\/agora.xtec.cat\/esc-santjordi-svmontalt\/?p=13300"},"modified":"2025-12-15T13:49:07","modified_gmt":"2025-12-15T12:49:07","slug":"tallers-de-nadal-3","status":"publish","type":"post","link":"https:\/\/agora.xtec.cat\/esc-santjordi-svmontalt\/infantil\/i3\/tallers-de-nadal-3\/","title":{"rendered":"TALLERS DE NADAL"},"content":{"rendered":"<p>Ahir vam fer uns tallers amb algunes fam\u00edlies d&#8217;I3, I4 i I5 que van venir a explicar-nos un conte i a fer un taller de nadal. Com veureu ens van encantar tots els contes i ens ho vam passar genial fent les manualitats. Volem agra\u00efr a totes les fam\u00edlies que vau participar. Va ser una tarda fant\u00e0stica!<\/p>\n<p><a href=\"https:\/\/drive.google.com\/drive\/folders\/1VQJ5_pe0OHe1X0Hf0LOvtrHmuBfpSK1l?usp=drive_link\" target=\"_blank\" rel=\"noopener\">GRUP 1<\/a><\/p>\n<p><a href=\"https:\/\/drive.google.com\/drive\/folders\/14e73Xp_drOqWsSOQCje1COdtDXjXt860?usp=drive_link\" target=\"_blank\" rel=\"noopener\">GRUP 2<\/a><\/p>\n<p><a href=\"https:\/\/drive.google.com\/drive\/folders\/1PBJ_8duAymZp1jIZ6jiQGz2luRVkLwhS?usp=sharing\" target=\"_blank\" rel=\"noopener\">GRUP 3\u00a0<\/a><\/p>\n<p><a href=\"https:\/\/drive.google.com\/drive\/folders\/1nWa1E_imHVMK8BH1qy8x699n19NHTWQb?usp=sharing\" target=\"_blank\" rel=\"noopener\">GRUP 4<\/a><\/p>\n","protected":false},"excerpt":{"rendered":"<p>Ahir vam fer uns tallers amb algunes fam\u00edlies d&#8217;I3, I4 i I5 que van venir a explicar-nos un conte i a fer un taller de nadal. Com veureu ens van encantar tots els contes i ens ho vam passar genial fent les manualitats. Volem agra\u00efr&hellip;  <a href=\"https:\/\/agora.xtec.cat\/esc-santjordi-svmontalt\/infantil\/i3\/tallers-de-nadal-3\/\" title=\"Read TALLERS DE NADAL\">Llegeix m\u00e9s\u00bb<\/a><\/p>\n","protected":false},"author":42,"featured_media":0,"comment_status":"open","ping_status":"open","sticky":false,"template":"","format":"standard","meta":{"_bbp_topic_count":0,"_bbp_reply_count":0,"_bbp_total_topic_count":0,"_bbp_total_reply_count":0,"_bbp_voice_count":0,"_bbp_anonymous_reply_count":0,"_bbp_topic_count_hidden":0,"_bbp_reply_count_hidden":0,"_bbp_forum_subforum_count":0,"footnotes":""},"categories":[3,8,9],"tags":[],"class_list":["post-13300","post","type-post","status-publish","format-standard","hentry","category-i3","category-i4","category-i5"],"post_mailing_queue_ids":[],"_links":{"self":[{"href":"https:\/\/agora.xtec.cat\/esc-santjordi-svmontalt\/wp-json\/wp\/v2\/posts\/13300","targetHints":{"allow":["GET"]}}],"collection":[{"href":"https:\/\/agora.xtec.cat\/esc-santjordi-svmontalt\/wp-json\/wp\/v2\/posts"}],"about":[{"href":"https:\/\/agora.xtec.cat\/esc-santjordi-svmontalt\/wp-json\/wp\/v2\/types\/post"}],"author":[{"embeddable":true,"href":"https:\/\/agora.xtec.cat\/esc-santjordi-svmontalt\/wp-json\/wp\/v2\/users\/42"}],"replies":[{"embeddable":true,"href":"https:\/\/agora.xtec.cat\/esc-santjordi-svmontalt\/wp-json\/wp\/v2\/comments?post=13300"}],"version-history":[{"count":3,"href":"https:\/\/agora.xtec.cat\/esc-santjordi-svmontalt\/wp-json\/wp\/v2\/posts\/13300\/revisions"}],"predecessor-version":[{"id":13310,"href":"https:\/\/agora.xtec.cat\/esc-santjordi-svmontalt\/wp-json\/wp\/v2\/posts\/13300\/revisions\/13310"}],"wp:attachment":[{"href":"https:\/\/agora.xtec.cat\/esc-santjordi-svmontalt\/wp-json\/wp\/v2\/media?parent=13300"}],"wp:term":[{"taxonomy":"category","embeddable":true,"href":"https:\/\/agora.xtec.cat\/esc-santjordi-svmontalt\/wp-json\/wp\/v2\/categories?post=13300"},{"taxonomy":"post_tag","embeddable":true,"href":"https:\/\/agora.xtec.cat\/esc-santjordi-svmontalt\/wp-json\/wp\/v2\/tags?post=13300"}],"curies":[{"name":"wp","href":"https:\/\/api.w.org\/{rel}","templated":true}]}}