{"id":13287,"date":"2025-12-19T11:30:32","date_gmt":"2025-12-19T10:30:32","guid":{"rendered":"https:\/\/agora.xtec.cat\/esc-santjordi-svmontalt\/?p=13287"},"modified":"2025-12-19T10:35:03","modified_gmt":"2025-12-19T09:35:03","slug":"bon-nadal-2","status":"publish","type":"post","link":"https:\/\/agora.xtec.cat\/esc-santjordi-svmontalt\/infantil\/i5\/bon-nadal-2\/","title":{"rendered":"BON NADAL!!!"},"content":{"rendered":"<p>Aquests dies no hem parat de fer coses per prepar el Nadal! Hem obert cada dia el calendari d&#8217;advent, hem fet l&#8217;assaig del concert, ha arribat el Ti\u00f3, hem anat a la llar d&#8217;infants a cantar nadales, hem fet el concert amb totes les fam\u00edlies i avui per acabar hem fet cagar al nostre Ti\u00f3! Qu\u00e8 b\u00e9 que ens ho hem passat fent tot aix\u00f2!<\/p>\n<p><a href=\"https:\/\/drive.google.com\/drive\/folders\/1LAgBv0Xdy0yca0wyZucOy6NutUA_LnAm?usp=sharing\" target=\"_blank\" rel=\"noopener\">CALENDARI D&#8217;ADVENT\u00a0<\/a> \u00a0 \u00a0 \u00a0 \u00a0 \u00a0\u00a0 \u00a0\u00a0 <a href=\"https:\/\/drive.google.com\/drive\/folders\/1zLZv5N0aB_VXuVYm-bK_gc-TiOTt8HjG?usp=sharing\" target=\"_blank\" rel=\"noopener\">LLAR D&#8217;INFANTS<\/a>\u00a0 \u00a0 \u00a0 \u00a0 \u00a0 \u00a0 \u00a0 \u00a0<a href=\"https:\/\/drive.google.com\/drive\/folders\/1VJ64oTTHqKK05ukN2znIt6VT96w87GyH?usp=sharing\" target=\"_blank\" rel=\"noopener\">CAGUEM AL TI\u00d3!<\/a><\/p>\n<p>Aprofito tamb\u00e9 per agrair-vos el regal que m&#8217;heu fet. M&#8217;ha encantat! Molt\u00edssimes gr\u00e0cies.<\/p>\n<p>Tamb\u00e9 us desitjo a tots i totes BON NADAL I FELI\u00c7 ANY NOU!!!<\/p>\n<p>Ens veiem al gener!<\/p>\n","protected":false},"excerpt":{"rendered":"<p>Aquests dies no hem parat de fer coses per prepar el Nadal! Hem obert cada dia el calendari d&#8217;advent, hem fet l&#8217;assaig del concert, ha arribat el Ti\u00f3, hem anat a la llar d&#8217;infants a cantar nadales, hem fet el concert amb totes les fam\u00edlies&hellip;  <a href=\"https:\/\/agora.xtec.cat\/esc-santjordi-svmontalt\/infantil\/i5\/bon-nadal-2\/\" title=\"Read BON NADAL!!!\">Llegeix m\u00e9s\u00bb<\/a><\/p>\n","protected":false},"author":42,"featured_media":0,"comment_status":"open","ping_status":"open","sticky":false,"template":"","format":"standard","meta":{"_bbp_topic_count":0,"_bbp_reply_count":0,"_bbp_total_topic_count":0,"_bbp_total_reply_count":0,"_bbp_voice_count":0,"_bbp_anonymous_reply_count":0,"_bbp_topic_count_hidden":0,"_bbp_reply_count_hidden":0,"_bbp_forum_subforum_count":0,"footnotes":""},"categories":[9],"tags":[],"class_list":["post-13287","post","type-post","status-publish","format-standard","hentry","category-i5"],"post_mailing_queue_ids":[],"_links":{"self":[{"href":"https:\/\/agora.xtec.cat\/esc-santjordi-svmontalt\/wp-json\/wp\/v2\/posts\/13287","targetHints":{"allow":["GET"]}}],"collection":[{"href":"https:\/\/agora.xtec.cat\/esc-santjordi-svmontalt\/wp-json\/wp\/v2\/posts"}],"about":[{"href":"https:\/\/agora.xtec.cat\/esc-santjordi-svmontalt\/wp-json\/wp\/v2\/types\/post"}],"author":[{"embeddable":true,"href":"https:\/\/agora.xtec.cat\/esc-santjordi-svmontalt\/wp-json\/wp\/v2\/users\/42"}],"replies":[{"embeddable":true,"href":"https:\/\/agora.xtec.cat\/esc-santjordi-svmontalt\/wp-json\/wp\/v2\/comments?post=13287"}],"version-history":[{"count":2,"href":"https:\/\/agora.xtec.cat\/esc-santjordi-svmontalt\/wp-json\/wp\/v2\/posts\/13287\/revisions"}],"predecessor-version":[{"id":13323,"href":"https:\/\/agora.xtec.cat\/esc-santjordi-svmontalt\/wp-json\/wp\/v2\/posts\/13287\/revisions\/13323"}],"wp:attachment":[{"href":"https:\/\/agora.xtec.cat\/esc-santjordi-svmontalt\/wp-json\/wp\/v2\/media?parent=13287"}],"wp:term":[{"taxonomy":"category","embeddable":true,"href":"https:\/\/agora.xtec.cat\/esc-santjordi-svmontalt\/wp-json\/wp\/v2\/categories?post=13287"},{"taxonomy":"post_tag","embeddable":true,"href":"https:\/\/agora.xtec.cat\/esc-santjordi-svmontalt\/wp-json\/wp\/v2\/tags?post=13287"}],"curies":[{"name":"wp","href":"https:\/\/api.w.org\/{rel}","templated":true}]}}