{"id":13274,"date":"2025-12-12T13:00:08","date_gmt":"2025-12-12T12:00:08","guid":{"rendered":"https:\/\/agora.xtec.cat\/esc-santjordi-svmontalt\/?p=13274"},"modified":"2025-12-05T20:05:34","modified_gmt":"2025-12-05T19:05:34","slug":"raco-de-la-calma","status":"publish","type":"post","link":"https:\/\/agora.xtec.cat\/esc-santjordi-svmontalt\/infantil\/i3\/raco-de-la-calma\/","title":{"rendered":"RAC\u00d3 DE LA CALMA"},"content":{"rendered":"<p>Hem creat un rac\u00f3 de la calma a l&#8217;aula, aquest espai l&#8217;hem fet perqu\u00e8 els infants puguin regular les seves emocions i recuperar la tranquil\u00b7litat quan ho necessiten. En aquesta etapa, els nens i les nenes estan construint les primeres eines d&#8217;autoregulaci\u00f3 i sovint experimenten canvis emocionals intensos. Per aix\u00f2, disposar d&#8217;un lloc segur, acollidor i reconeixible els ajuda a comprendre qu\u00e8 senten i a trobar maneres adequades de gestionar-ho.<\/p>\n<p>Aquest espai est\u00e0 preparat amb elements suaus i sensorials: coixins, llibres, ampolles de la calma, pilotes amb diferents textures, mantes i peluixos.<\/p>\n<p><a href=\"https:\/\/drive.google.com\/drive\/u\/1\/folders\/14jvPfXrhl8WbNyBkIM_3pH4ezWIz4piZ\" target=\"_blank\" rel=\"noopener\">ESPAI CALMA\u00a0<\/a><\/p>\n","protected":false},"excerpt":{"rendered":"<p>Hem creat un rac\u00f3 de la calma a l&#8217;aula, aquest espai l&#8217;hem fet perqu\u00e8 els infants puguin regular les seves emocions i recuperar la tranquil\u00b7litat quan ho necessiten. En aquesta etapa, els nens i les nenes estan construint les primeres eines d&#8217;autoregulaci\u00f3 i sovint experimenten&hellip;  <a href=\"https:\/\/agora.xtec.cat\/esc-santjordi-svmontalt\/infantil\/i3\/raco-de-la-calma\/\" title=\"Read RAC\u00d3 DE LA CALMA\">Llegeix m\u00e9s\u00bb<\/a><\/p>\n","protected":false},"author":12,"featured_media":0,"comment_status":"open","ping_status":"open","sticky":false,"template":"","format":"standard","meta":{"_bbp_topic_count":0,"_bbp_reply_count":0,"_bbp_total_topic_count":0,"_bbp_total_reply_count":0,"_bbp_voice_count":0,"_bbp_anonymous_reply_count":0,"_bbp_topic_count_hidden":0,"_bbp_reply_count_hidden":0,"_bbp_forum_subforum_count":0,"footnotes":""},"categories":[3],"tags":[],"class_list":["post-13274","post","type-post","status-publish","format-standard","hentry","category-i3"],"post_mailing_queue_ids":[],"_links":{"self":[{"href":"https:\/\/agora.xtec.cat\/esc-santjordi-svmontalt\/wp-json\/wp\/v2\/posts\/13274","targetHints":{"allow":["GET"]}}],"collection":[{"href":"https:\/\/agora.xtec.cat\/esc-santjordi-svmontalt\/wp-json\/wp\/v2\/posts"}],"about":[{"href":"https:\/\/agora.xtec.cat\/esc-santjordi-svmontalt\/wp-json\/wp\/v2\/types\/post"}],"author":[{"embeddable":true,"href":"https:\/\/agora.xtec.cat\/esc-santjordi-svmontalt\/wp-json\/wp\/v2\/users\/12"}],"replies":[{"embeddable":true,"href":"https:\/\/agora.xtec.cat\/esc-santjordi-svmontalt\/wp-json\/wp\/v2\/comments?post=13274"}],"version-history":[{"count":1,"href":"https:\/\/agora.xtec.cat\/esc-santjordi-svmontalt\/wp-json\/wp\/v2\/posts\/13274\/revisions"}],"predecessor-version":[{"id":13275,"href":"https:\/\/agora.xtec.cat\/esc-santjordi-svmontalt\/wp-json\/wp\/v2\/posts\/13274\/revisions\/13275"}],"wp:attachment":[{"href":"https:\/\/agora.xtec.cat\/esc-santjordi-svmontalt\/wp-json\/wp\/v2\/media?parent=13274"}],"wp:term":[{"taxonomy":"category","embeddable":true,"href":"https:\/\/agora.xtec.cat\/esc-santjordi-svmontalt\/wp-json\/wp\/v2\/categories?post=13274"},{"taxonomy":"post_tag","embeddable":true,"href":"https:\/\/agora.xtec.cat\/esc-santjordi-svmontalt\/wp-json\/wp\/v2\/tags?post=13274"}],"curies":[{"name":"wp","href":"https:\/\/api.w.org\/{rel}","templated":true}]}}