{"id":13269,"date":"2025-12-12T13:00:37","date_gmt":"2025-12-12T12:00:37","guid":{"rendered":"https:\/\/agora.xtec.cat\/esc-santjordi-svmontalt\/?p=13269"},"modified":"2025-12-05T18:53:45","modified_gmt":"2025-12-05T17:53:45","slug":"les-nostres-inicials","status":"publish","type":"post","link":"https:\/\/agora.xtec.cat\/esc-santjordi-svmontalt\/infantil\/i3\/les-nostres-inicials\/","title":{"rendered":"LES NOSTRES INICIALS"},"content":{"rendered":"<p>Estem treballant la lletra inicial del nom per iniciar-los a la consci\u00e8ncia fonol\u00f2gica a partir d&#8217;all\u00f2 m\u00e9s proper per als infants: el seu propi nom. A aquesta edat, els nens i les nenes comencen a recon\u00e8ixer visualment el seu nom i a identificar la primera lletra com un element significatiu que els representa. A trav\u00e9s d&#8217;activitats curtes, vivenciades i manipulatives, exploren la forma de la lletra, n&#8217;escolten i imiten el so, i la relacionen amb la dels companys.<\/p>\n<p>Aquest treball es fa mitjan\u00e7ant propostes senzilles com racons de classificaci\u00f3 de lletres, construcci\u00f3 de la inicial amb plastilina, murals col\u00b7lectius i petites converses a la rotllana. A m\u00e9s, fomenta la identitat personal, ja que els infants descobreixen que el seu nom \u00e9s important i \u00fanic. \u00c9s un aprenentatge inicial per\u00f2 fonamental que obre la porta al proc\u00e9s de lectura i escriptura d&#8217;una manera natural i motivadora.<\/p>\n<p><a href=\"https:\/\/drive.google.com\/drive\/u\/1\/folders\/1aAd5F_EaowoQpzinKsM3_H6uczPkLAWR\" target=\"_blank\" rel=\"noopener\">LES NOSTRES INICIALS<\/a><\/p>\n","protected":false},"excerpt":{"rendered":"<p>Estem treballant la lletra inicial del nom per iniciar-los a la consci\u00e8ncia fonol\u00f2gica a partir d&#8217;all\u00f2 m\u00e9s proper per als infants: el seu propi nom. A aquesta edat, els nens i les nenes comencen a recon\u00e8ixer visualment el seu nom i a identificar la primera&hellip;  <a href=\"https:\/\/agora.xtec.cat\/esc-santjordi-svmontalt\/infantil\/i3\/les-nostres-inicials\/\" title=\"Read LES NOSTRES INICIALS\">Llegeix m\u00e9s\u00bb<\/a><\/p>\n","protected":false},"author":12,"featured_media":0,"comment_status":"open","ping_status":"open","sticky":false,"template":"","format":"standard","meta":{"_bbp_topic_count":0,"_bbp_reply_count":0,"_bbp_total_topic_count":0,"_bbp_total_reply_count":0,"_bbp_voice_count":0,"_bbp_anonymous_reply_count":0,"_bbp_topic_count_hidden":0,"_bbp_reply_count_hidden":0,"_bbp_forum_subforum_count":0,"footnotes":""},"categories":[3],"tags":[],"class_list":["post-13269","post","type-post","status-publish","format-standard","hentry","category-i3"],"post_mailing_queue_ids":[],"_links":{"self":[{"href":"https:\/\/agora.xtec.cat\/esc-santjordi-svmontalt\/wp-json\/wp\/v2\/posts\/13269","targetHints":{"allow":["GET"]}}],"collection":[{"href":"https:\/\/agora.xtec.cat\/esc-santjordi-svmontalt\/wp-json\/wp\/v2\/posts"}],"about":[{"href":"https:\/\/agora.xtec.cat\/esc-santjordi-svmontalt\/wp-json\/wp\/v2\/types\/post"}],"author":[{"embeddable":true,"href":"https:\/\/agora.xtec.cat\/esc-santjordi-svmontalt\/wp-json\/wp\/v2\/users\/12"}],"replies":[{"embeddable":true,"href":"https:\/\/agora.xtec.cat\/esc-santjordi-svmontalt\/wp-json\/wp\/v2\/comments?post=13269"}],"version-history":[{"count":1,"href":"https:\/\/agora.xtec.cat\/esc-santjordi-svmontalt\/wp-json\/wp\/v2\/posts\/13269\/revisions"}],"predecessor-version":[{"id":13270,"href":"https:\/\/agora.xtec.cat\/esc-santjordi-svmontalt\/wp-json\/wp\/v2\/posts\/13269\/revisions\/13270"}],"wp:attachment":[{"href":"https:\/\/agora.xtec.cat\/esc-santjordi-svmontalt\/wp-json\/wp\/v2\/media?parent=13269"}],"wp:term":[{"taxonomy":"category","embeddable":true,"href":"https:\/\/agora.xtec.cat\/esc-santjordi-svmontalt\/wp-json\/wp\/v2\/categories?post=13269"},{"taxonomy":"post_tag","embeddable":true,"href":"https:\/\/agora.xtec.cat\/esc-santjordi-svmontalt\/wp-json\/wp\/v2\/tags?post=13269"}],"curies":[{"name":"wp","href":"https:\/\/api.w.org\/{rel}","templated":true}]}}