{"id":13267,"date":"2025-12-19T13:00:57","date_gmt":"2025-12-19T12:00:57","guid":{"rendered":"https:\/\/agora.xtec.cat\/esc-santjordi-svmontalt\/?p=13267"},"modified":"2025-12-05T18:34:23","modified_gmt":"2025-12-05T17:34:23","slug":"aniversaris-desembre-4","status":"publish","type":"post","link":"https:\/\/agora.xtec.cat\/esc-santjordi-svmontalt\/infantil\/i3\/aniversaris-desembre-4\/","title":{"rendered":"ANIVERSARIS DESEMBRE"},"content":{"rendered":"<p>Aqu\u00ed teniu els aniversaris que hem celebrat el mes de desembre amb els m\u00e9s petits de la classe. Us desitgem el millor i que en feu molts m\u00e9s.<\/p>\n<p>El de l&#8217;Oliver l&#8217;hem celebrat abans, perqu\u00e8 ja estarem de vacances i no vol\u00edem que es qued\u00e9s sense la seva foto i la corona de 3 anys!<\/p>\n<p><a href=\"https:\/\/drive.google.com\/drive\/u\/1\/folders\/1_mZ4ssDv-Rrmss5Zpm2LBMdZHrT9yMq4\" target=\"_blank\" rel=\"noopener\">ANIVERSARIS DESEMBRE<\/a><\/p>\n","protected":false},"excerpt":{"rendered":"<p>Aqu\u00ed teniu els aniversaris que hem celebrat el mes de desembre amb els m\u00e9s petits de la classe. Us desitgem el millor i que en feu molts m\u00e9s.<br \/>\nEl de l&#8217;Oliver l&#8217;hem celebrat abans, perqu\u00e8 ja estarem de vacances i no vol\u00edem que es qued\u00e9s sense&hellip;  <a href=\"https:\/\/agora.xtec.cat\/esc-santjordi-svmontalt\/infantil\/i3\/aniversaris-desembre-4\/\" title=\"Read ANIVERSARIS DESEMBRE\">Llegeix m\u00e9s\u00bb<\/a><\/p>\n","protected":false},"author":12,"featured_media":0,"comment_status":"open","ping_status":"open","sticky":false,"template":"","format":"standard","meta":{"_bbp_topic_count":0,"_bbp_reply_count":0,"_bbp_total_topic_count":0,"_bbp_total_reply_count":0,"_bbp_voice_count":0,"_bbp_anonymous_reply_count":0,"_bbp_topic_count_hidden":0,"_bbp_reply_count_hidden":0,"_bbp_forum_subforum_count":0,"footnotes":""},"categories":[3],"tags":[],"class_list":["post-13267","post","type-post","status-publish","format-standard","hentry","category-i3"],"post_mailing_queue_ids":[],"_links":{"self":[{"href":"https:\/\/agora.xtec.cat\/esc-santjordi-svmontalt\/wp-json\/wp\/v2\/posts\/13267","targetHints":{"allow":["GET"]}}],"collection":[{"href":"https:\/\/agora.xtec.cat\/esc-santjordi-svmontalt\/wp-json\/wp\/v2\/posts"}],"about":[{"href":"https:\/\/agora.xtec.cat\/esc-santjordi-svmontalt\/wp-json\/wp\/v2\/types\/post"}],"author":[{"embeddable":true,"href":"https:\/\/agora.xtec.cat\/esc-santjordi-svmontalt\/wp-json\/wp\/v2\/users\/12"}],"replies":[{"embeddable":true,"href":"https:\/\/agora.xtec.cat\/esc-santjordi-svmontalt\/wp-json\/wp\/v2\/comments?post=13267"}],"version-history":[{"count":1,"href":"https:\/\/agora.xtec.cat\/esc-santjordi-svmontalt\/wp-json\/wp\/v2\/posts\/13267\/revisions"}],"predecessor-version":[{"id":13268,"href":"https:\/\/agora.xtec.cat\/esc-santjordi-svmontalt\/wp-json\/wp\/v2\/posts\/13267\/revisions\/13268"}],"wp:attachment":[{"href":"https:\/\/agora.xtec.cat\/esc-santjordi-svmontalt\/wp-json\/wp\/v2\/media?parent=13267"}],"wp:term":[{"taxonomy":"category","embeddable":true,"href":"https:\/\/agora.xtec.cat\/esc-santjordi-svmontalt\/wp-json\/wp\/v2\/categories?post=13267"},{"taxonomy":"post_tag","embeddable":true,"href":"https:\/\/agora.xtec.cat\/esc-santjordi-svmontalt\/wp-json\/wp\/v2\/tags?post=13267"}],"curies":[{"name":"wp","href":"https:\/\/api.w.org\/{rel}","templated":true}]}}