{"id":13261,"date":"2025-12-19T20:06:31","date_gmt":"2025-12-19T19:06:31","guid":{"rendered":"https:\/\/agora.xtec.cat\/esc-santjordi-svmontalt\/?p=13261"},"modified":"2025-12-04T09:11:27","modified_gmt":"2025-12-04T08:11:27","slug":"celebrem-el-nadal","status":"publish","type":"post","link":"https:\/\/agora.xtec.cat\/esc-santjordi-svmontalt\/infantil\/i4\/celebrem-el-nadal\/","title":{"rendered":"CELEBREM EL NADAL"},"content":{"rendered":"<p>AQUESTS \u00daLTIMS DIES HEM ESTAT GAUDINT DE <a href=\"https:\/\/drive.google.com\/drive\/folders\/1f9nt9u6hPaQacBh8D-STQfFCe_2o8xpX?usp=drive_link\" target=\"_blank\" rel=\"noopener\">LA M\u00c0GIA DE NADAL.<\/a><\/p>\n<p>HEM FET LA <a href=\"https:\/\/drive.google.com\/drive\/folders\/1T3nDHI2xpDbNUkLwma7Z3ei3P1uyHvdo?usp=drive_link\" target=\"_blank\" rel=\"noopener\">POSTAL<\/a> I EL DETALL PER LES FESTES, HEM ANAT OBRINT EL <a href=\"https:\/\/drive.google.com\/drive\/folders\/1dYtrmeWx7Hyexa1r86b8hYhMIThoOdcp?usp=drive_link\" target=\"_blank\" rel=\"noopener\">CALENDARI D&#8217;ADVENT<\/a> CADA DIA I FENT EL QUE ENS PROPOSAVA (AJUDAR A UN COMPANY\/A, FER-NOS UNA FOTO FENT GANYOTES, REGALAR UN GOMET&#8230;), TAMB\u00c9 HEM ESTAT ASSAJANT LA CAN\u00c7\u00d3 I EL POEMA PEL <a href=\"https:\/\/drive.google.com\/drive\/folders\/18osuYyvCh3CZvpCqterjcGslJIuJo0G3?usp=drive_link\" target=\"_blank\" rel=\"noopener\">CONCERT<\/a>, HEM ANAT DONANT MENJAR AL <a href=\"https:\/\/drive.google.com\/drive\/folders\/1DGR3DdOEwHllVwgRx0sp9d_GDmNisteB?usp=drive_link\" target=\"_blank\" rel=\"noopener\">TI\u00d3<\/a> I L&#8217;\u00daLTIM DIA ENS HA DONAT UN DETALL A CADA INFANT.<\/p>\n<p>HA ESTAT UN FINAL D&#8217;ANY MERAVELL\u00d3S.<\/p>\n<p>LA CLASSE DELS CAPIBARES US DESITGEM BONES FESTES I FELI\u00c7 ANY NOU!<\/p>\n","protected":false},"excerpt":{"rendered":"<p>AQUESTS \u00daLTIMS DIES HEM ESTAT GAUDINT DE <a href=\"https:\/\/drive.google.com\/drive\/folders\/1f9nt9u6hPaQacBh8D-STQfFCe_2o8xpX?usp=drive_link\" target=\"_blank\" rel=\"noopener\">LA M\u00c0GIA DE NADAL.<\/a><br \/>\nHEM FET LA <a href=\"https:\/\/drive.google.com\/drive\/folders\/1T3nDHI2xpDbNUkLwma7Z3ei3P1uyHvdo?usp=drive_link\" target=\"_blank\" rel=\"noopener\">POSTAL<\/a> I EL DETALL PER LES FESTES, HEM ANAT OBRINT EL <a href=\"https:\/\/drive.google.com\/drive\/folders\/1dYtrmeWx7Hyexa1r86b8hYhMIThoOdcp?usp=drive_link\" target=\"_blank\" rel=\"noopener\">CALENDARI D&#8217;ADVENT<\/a> CADA DIA I FENT EL QUE ENS PROPOSAVA (AJUDAR A&hellip;  <a href=\"https:\/\/agora.xtec.cat\/esc-santjordi-svmontalt\/infantil\/i4\/celebrem-el-nadal\/\" title=\"Read CELEBREM EL NADAL\">Llegeix m\u00e9s\u00bb<\/a><\/p>\n","protected":false},"author":40,"featured_media":0,"comment_status":"open","ping_status":"open","sticky":false,"template":"","format":"standard","meta":{"_bbp_topic_count":0,"_bbp_reply_count":0,"_bbp_total_topic_count":0,"_bbp_total_reply_count":0,"_bbp_voice_count":0,"_bbp_anonymous_reply_count":0,"_bbp_topic_count_hidden":0,"_bbp_reply_count_hidden":0,"_bbp_forum_subforum_count":0,"footnotes":""},"categories":[8],"tags":[],"class_list":["post-13261","post","type-post","status-publish","format-standard","hentry","category-i4"],"post_mailing_queue_ids":[],"_links":{"self":[{"href":"https:\/\/agora.xtec.cat\/esc-santjordi-svmontalt\/wp-json\/wp\/v2\/posts\/13261","targetHints":{"allow":["GET"]}}],"collection":[{"href":"https:\/\/agora.xtec.cat\/esc-santjordi-svmontalt\/wp-json\/wp\/v2\/posts"}],"about":[{"href":"https:\/\/agora.xtec.cat\/esc-santjordi-svmontalt\/wp-json\/wp\/v2\/types\/post"}],"author":[{"embeddable":true,"href":"https:\/\/agora.xtec.cat\/esc-santjordi-svmontalt\/wp-json\/wp\/v2\/users\/40"}],"replies":[{"embeddable":true,"href":"https:\/\/agora.xtec.cat\/esc-santjordi-svmontalt\/wp-json\/wp\/v2\/comments?post=13261"}],"version-history":[{"count":2,"href":"https:\/\/agora.xtec.cat\/esc-santjordi-svmontalt\/wp-json\/wp\/v2\/posts\/13261\/revisions"}],"predecessor-version":[{"id":13263,"href":"https:\/\/agora.xtec.cat\/esc-santjordi-svmontalt\/wp-json\/wp\/v2\/posts\/13261\/revisions\/13263"}],"wp:attachment":[{"href":"https:\/\/agora.xtec.cat\/esc-santjordi-svmontalt\/wp-json\/wp\/v2\/media?parent=13261"}],"wp:term":[{"taxonomy":"category","embeddable":true,"href":"https:\/\/agora.xtec.cat\/esc-santjordi-svmontalt\/wp-json\/wp\/v2\/categories?post=13261"},{"taxonomy":"post_tag","embeddable":true,"href":"https:\/\/agora.xtec.cat\/esc-santjordi-svmontalt\/wp-json\/wp\/v2\/tags?post=13261"}],"curies":[{"name":"wp","href":"https:\/\/api.w.org\/{rel}","templated":true}]}}