{"id":13236,"date":"2025-11-24T08:19:05","date_gmt":"2025-11-24T07:19:05","guid":{"rendered":"https:\/\/agora.xtec.cat\/esc-santjordi-svmontalt\/?p=13236"},"modified":"2025-11-24T08:20:44","modified_gmt":"2025-11-24T07:20:44","slug":"els-colors-del-metall","status":"publish","type":"post","link":"https:\/\/agora.xtec.cat\/esc-santjordi-svmontalt\/primaria\/1r\/els-colors-del-metall\/","title":{"rendered":"Els colors del metall"},"content":{"rendered":"<p>L&#8217;alumnat de 1r i 2n hem gaudit de l&#8217;obra &#8220;ELS COLORS DEL METALL&#8221; a l&#8217;Auditori de Barcelona. Hem vist i escoltat dues trompetes, una trompa, un tromb\u00f3, una tuba i un saus\u00f2fon, ha estat molt interessant i divertit.<\/p>\n<p>Per acabar la sortida, hem anat a dinar al Parc Central de Matar\u00f3 i ens ho hem passat d&#8217;all\u00f2 m\u00e9s b\u00e9 jugant tots i totes junts\/es.<\/p>\n<p>Us deixem un recull d&#8217;<a href=\"https:\/\/drive.google.com\/drive\/folders\/1MF81LLnoWlvXcRiFrMUnzpcznHtNOQm7?usp=drive_link\">imatges.<\/a><\/p>\n<p><a href=\"https:\/\/agora.xtec.cat\/esc-santjordi-svmontalt\/wp-content\/uploads\/usu1728\/2025\/11\/ProgMa_COLORS_METALL_imatge-scaled-1-2048x973-1.jpg\"><img loading=\"lazy\" decoding=\"async\" class=\"alignnone size-large wp-image-13238\" src=\"https:\/\/agora.xtec.cat\/esc-santjordi-svmontalt\/wp-content\/uploads\/usu1728\/2025\/11\/ProgMa_COLORS_METALL_imatge-scaled-1-2048x973-1-1024x487.jpg\" alt=\"\" width=\"1024\" height=\"487\" srcset=\"https:\/\/agora.xtec.cat\/esc-santjordi-svmontalt\/wp-content\/uploads\/usu1728\/2025\/11\/ProgMa_COLORS_METALL_imatge-scaled-1-2048x973-1-1024x487.jpg 1024w, https:\/\/agora.xtec.cat\/esc-santjordi-svmontalt\/wp-content\/uploads\/usu1728\/2025\/11\/ProgMa_COLORS_METALL_imatge-scaled-1-2048x973-1-300x143.jpg 300w, https:\/\/agora.xtec.cat\/esc-santjordi-svmontalt\/wp-content\/uploads\/usu1728\/2025\/11\/ProgMa_COLORS_METALL_imatge-scaled-1-2048x973-1-768x365.jpg 768w, https:\/\/agora.xtec.cat\/esc-santjordi-svmontalt\/wp-content\/uploads\/usu1728\/2025\/11\/ProgMa_COLORS_METALL_imatge-scaled-1-2048x973-1-1536x730.jpg 1536w, https:\/\/agora.xtec.cat\/esc-santjordi-svmontalt\/wp-content\/uploads\/usu1728\/2025\/11\/ProgMa_COLORS_METALL_imatge-scaled-1-2048x973-1.jpg 2048w\" sizes=\"auto, (max-width: 1024px) 100vw, 1024px\" \/><\/a><\/p>\n","protected":false},"excerpt":{"rendered":"<p>L&#8217;alumnat de 1r i 2n hem gaudit de l&#8217;obra &#8220;ELS COLORS DEL METALL&#8221; a l&#8217;Auditori de Barcelona. Hem vist i escoltat dues trompetes, una trompa, un tromb\u00f3, una tuba i un saus\u00f2fon, ha estat molt interessant i divertit.<br \/>\nPer acabar la sortida, hem anat a dinar&hellip;  <a href=\"https:\/\/agora.xtec.cat\/esc-santjordi-svmontalt\/primaria\/1r\/els-colors-del-metall\/\" title=\"Read Els colors del metall\">Llegeix m\u00e9s\u00bb<\/a><\/p>\n","protected":false},"author":36,"featured_media":0,"comment_status":"open","ping_status":"open","sticky":false,"template":"","format":"standard","meta":{"_bbp_topic_count":0,"_bbp_reply_count":0,"_bbp_total_topic_count":0,"_bbp_total_reply_count":0,"_bbp_voice_count":0,"_bbp_anonymous_reply_count":0,"_bbp_topic_count_hidden":0,"_bbp_reply_count_hidden":0,"_bbp_forum_subforum_count":0,"footnotes":""},"categories":[10,11,62],"tags":[],"class_list":["post-13236","post","type-post","status-publish","format-standard","hentry","category-1r","category-2n","category-musica"],"post_mailing_queue_ids":[],"_links":{"self":[{"href":"https:\/\/agora.xtec.cat\/esc-santjordi-svmontalt\/wp-json\/wp\/v2\/posts\/13236","targetHints":{"allow":["GET"]}}],"collection":[{"href":"https:\/\/agora.xtec.cat\/esc-santjordi-svmontalt\/wp-json\/wp\/v2\/posts"}],"about":[{"href":"https:\/\/agora.xtec.cat\/esc-santjordi-svmontalt\/wp-json\/wp\/v2\/types\/post"}],"author":[{"embeddable":true,"href":"https:\/\/agora.xtec.cat\/esc-santjordi-svmontalt\/wp-json\/wp\/v2\/users\/36"}],"replies":[{"embeddable":true,"href":"https:\/\/agora.xtec.cat\/esc-santjordi-svmontalt\/wp-json\/wp\/v2\/comments?post=13236"}],"version-history":[{"count":2,"href":"https:\/\/agora.xtec.cat\/esc-santjordi-svmontalt\/wp-json\/wp\/v2\/posts\/13236\/revisions"}],"predecessor-version":[{"id":13239,"href":"https:\/\/agora.xtec.cat\/esc-santjordi-svmontalt\/wp-json\/wp\/v2\/posts\/13236\/revisions\/13239"}],"wp:attachment":[{"href":"https:\/\/agora.xtec.cat\/esc-santjordi-svmontalt\/wp-json\/wp\/v2\/media?parent=13236"}],"wp:term":[{"taxonomy":"category","embeddable":true,"href":"https:\/\/agora.xtec.cat\/esc-santjordi-svmontalt\/wp-json\/wp\/v2\/categories?post=13236"},{"taxonomy":"post_tag","embeddable":true,"href":"https:\/\/agora.xtec.cat\/esc-santjordi-svmontalt\/wp-json\/wp\/v2\/tags?post=13236"}],"curies":[{"name":"wp","href":"https:\/\/api.w.org\/{rel}","templated":true}]}}