{"id":13231,"date":"2025-11-23T14:02:00","date_gmt":"2025-11-23T13:02:00","guid":{"rendered":"https:\/\/agora.xtec.cat\/esc-santjordi-svmontalt\/?p=13231"},"modified":"2025-11-23T14:02:00","modified_gmt":"2025-11-23T13:02:00","slug":"a-4t-fem-teatre","status":"publish","type":"post","link":"https:\/\/agora.xtec.cat\/esc-santjordi-svmontalt\/general\/a-4t-fem-teatre\/","title":{"rendered":"A 4t fem teatre !!!"},"content":{"rendered":"<p>&nbsp;<\/p>\n<p>Les nenes i nens de 4t estem fent un TALLER DE TEATRE que ens encanta. Hem apr\u00e8s a fer activitats de relaxaci\u00f3 i concentraci\u00f3. Tamb\u00e9 hem comen\u00e7at a practicar la improvisaci\u00f3 i estem a punt per comen\u00e7ar a preparar la nostra obra.<\/p>\n<p>Aqu\u00ed podeu veure unes quantes <a href=\"https:\/\/drive.google.com\/drive\/u\/3\/folders\/1T5XgNDvjVDmMgOXDWh1HmYOXy3FhI-OR\">FOTOS<\/a> del taller.<\/p>\n<p>&nbsp;<\/p>\n","protected":false},"excerpt":{"rendered":"<p>&nbsp;<br \/>\nLes nenes i nens de 4t estem fent un TALLER DE TEATRE que ens encanta. Hem apr\u00e8s a fer activitats de relaxaci\u00f3 i concentraci\u00f3. Tamb\u00e9 hem comen\u00e7at a practicar la improvisaci\u00f3 i estem a punt per comen\u00e7ar a preparar la nostra obra.<br \/>\nAqu\u00ed podeu veure unes&hellip;  <a href=\"https:\/\/agora.xtec.cat\/esc-santjordi-svmontalt\/general\/a-4t-fem-teatre\/\" title=\"Read A 4t fem teatre !!!\">Llegeix m\u00e9s\u00bb<\/a><\/p>\n","protected":false},"author":37,"featured_media":0,"comment_status":"open","ping_status":"open","sticky":false,"template":"","format":"standard","meta":{"_bbp_topic_count":0,"_bbp_reply_count":0,"_bbp_total_topic_count":0,"_bbp_total_reply_count":0,"_bbp_voice_count":0,"_bbp_anonymous_reply_count":0,"_bbp_topic_count_hidden":0,"_bbp_reply_count_hidden":0,"_bbp_forum_subforum_count":0,"footnotes":""},"categories":[13,1],"tags":[254],"class_list":["post-13231","post","type-post","status-publish","format-standard","hentry","category-4t","category-general","tag-teatre"],"post_mailing_queue_ids":[],"_links":{"self":[{"href":"https:\/\/agora.xtec.cat\/esc-santjordi-svmontalt\/wp-json\/wp\/v2\/posts\/13231","targetHints":{"allow":["GET"]}}],"collection":[{"href":"https:\/\/agora.xtec.cat\/esc-santjordi-svmontalt\/wp-json\/wp\/v2\/posts"}],"about":[{"href":"https:\/\/agora.xtec.cat\/esc-santjordi-svmontalt\/wp-json\/wp\/v2\/types\/post"}],"author":[{"embeddable":true,"href":"https:\/\/agora.xtec.cat\/esc-santjordi-svmontalt\/wp-json\/wp\/v2\/users\/37"}],"replies":[{"embeddable":true,"href":"https:\/\/agora.xtec.cat\/esc-santjordi-svmontalt\/wp-json\/wp\/v2\/comments?post=13231"}],"version-history":[{"count":4,"href":"https:\/\/agora.xtec.cat\/esc-santjordi-svmontalt\/wp-json\/wp\/v2\/posts\/13231\/revisions"}],"predecessor-version":[{"id":13235,"href":"https:\/\/agora.xtec.cat\/esc-santjordi-svmontalt\/wp-json\/wp\/v2\/posts\/13231\/revisions\/13235"}],"wp:attachment":[{"href":"https:\/\/agora.xtec.cat\/esc-santjordi-svmontalt\/wp-json\/wp\/v2\/media?parent=13231"}],"wp:term":[{"taxonomy":"category","embeddable":true,"href":"https:\/\/agora.xtec.cat\/esc-santjordi-svmontalt\/wp-json\/wp\/v2\/categories?post=13231"},{"taxonomy":"post_tag","embeddable":true,"href":"https:\/\/agora.xtec.cat\/esc-santjordi-svmontalt\/wp-json\/wp\/v2\/tags?post=13231"}],"curies":[{"name":"wp","href":"https:\/\/api.w.org\/{rel}","templated":true}]}}