{"id":13226,"date":"2025-11-25T10:07:13","date_gmt":"2025-11-25T09:07:13","guid":{"rendered":"https:\/\/agora.xtec.cat\/esc-santjordi-svmontalt\/?p=13226"},"modified":"2025-11-25T10:07:13","modified_gmt":"2025-11-25T09:07:13","slug":"sortida-a-la-pedrera","status":"publish","type":"post","link":"https:\/\/agora.xtec.cat\/esc-santjordi-svmontalt\/primaria\/5e\/sortida-a-la-pedrera\/","title":{"rendered":"SORTIDA A LA PEDRERA"},"content":{"rendered":"<p>El dimecres 19 de novembre, l&#8217;alumnat del tercer cicle de prim\u00e0ria, ha anat a visitar la casa Mil\u00e0 de Barcelona, m\u00e9s coneguda com la Pedrera.<\/p>\n<p>Hem fet una visita per l&#8217;edifici, visitant el quart pis decorat amb mobiliari de l&#8217;\u00e8poca modernista. Tamb\u00e9 vam pujar a les golfes, un espai di\u00e0fan ple d&#8217;arcs catenaris i finestres petites. Aquest espai, antigament es feia servir per fer la bugada. Hi havia grans banyeres on les minyones rentaven la roba a m\u00e0, i despr\u00e9s la penjaven en cordes subjectades als arcs. Per \u00faltim, vam veure el terrat, ple d&#8217;escales, i xemeneies decorades.<\/p>\n<p>A banda de la visita, vam fer una activitat que consistia en un concurs per equips on vam tenir l&#8217;oportunitat d&#8217;aprendre curiositats sobre l&#8217;\u00e8poca modernista.<\/p>\n<p>Us deixem <a href=\"https:\/\/drive.google.com\/drive\/folders\/14vzy1jVYDI3kS4l2akpWHlgAGcXSo5uH?usp=drive_link\" target=\"_blank\" rel=\"noopener\">aqu\u00ed<\/a> l&#8217;enlla\u00e7 a les fotografies.<\/p>\n<p>&nbsp;<\/p>\n<p>&nbsp;<\/p>\n","protected":false},"excerpt":{"rendered":"<p>El dimecres 19 de novembre, l&#8217;alumnat del tercer cicle de prim\u00e0ria, ha anat a visitar la casa Mil\u00e0 de Barcelona, m\u00e9s coneguda com la Pedrera.<br \/>\nHem fet una visita per l&#8217;edifici, visitant el quart pis decorat amb mobiliari de l&#8217;\u00e8poca modernista. Tamb\u00e9 vam pujar a les&hellip;  <a href=\"https:\/\/agora.xtec.cat\/esc-santjordi-svmontalt\/primaria\/5e\/sortida-a-la-pedrera\/\" title=\"Read SORTIDA A LA PEDRERA\">Llegeix m\u00e9s\u00bb<\/a><\/p>\n","protected":false},"author":30,"featured_media":0,"comment_status":"open","ping_status":"open","sticky":false,"template":"","format":"standard","meta":{"_bbp_topic_count":0,"_bbp_reply_count":0,"_bbp_total_topic_count":0,"_bbp_total_reply_count":0,"_bbp_voice_count":0,"_bbp_anonymous_reply_count":0,"_bbp_topic_count_hidden":0,"_bbp_reply_count_hidden":0,"_bbp_forum_subforum_count":0,"footnotes":""},"categories":[14,15],"tags":[],"class_list":["post-13226","post","type-post","status-publish","format-standard","hentry","category-5e","category-6e"],"post_mailing_queue_ids":[],"_links":{"self":[{"href":"https:\/\/agora.xtec.cat\/esc-santjordi-svmontalt\/wp-json\/wp\/v2\/posts\/13226","targetHints":{"allow":["GET"]}}],"collection":[{"href":"https:\/\/agora.xtec.cat\/esc-santjordi-svmontalt\/wp-json\/wp\/v2\/posts"}],"about":[{"href":"https:\/\/agora.xtec.cat\/esc-santjordi-svmontalt\/wp-json\/wp\/v2\/types\/post"}],"author":[{"embeddable":true,"href":"https:\/\/agora.xtec.cat\/esc-santjordi-svmontalt\/wp-json\/wp\/v2\/users\/30"}],"replies":[{"embeddable":true,"href":"https:\/\/agora.xtec.cat\/esc-santjordi-svmontalt\/wp-json\/wp\/v2\/comments?post=13226"}],"version-history":[{"count":1,"href":"https:\/\/agora.xtec.cat\/esc-santjordi-svmontalt\/wp-json\/wp\/v2\/posts\/13226\/revisions"}],"predecessor-version":[{"id":13240,"href":"https:\/\/agora.xtec.cat\/esc-santjordi-svmontalt\/wp-json\/wp\/v2\/posts\/13226\/revisions\/13240"}],"wp:attachment":[{"href":"https:\/\/agora.xtec.cat\/esc-santjordi-svmontalt\/wp-json\/wp\/v2\/media?parent=13226"}],"wp:term":[{"taxonomy":"category","embeddable":true,"href":"https:\/\/agora.xtec.cat\/esc-santjordi-svmontalt\/wp-json\/wp\/v2\/categories?post=13226"},{"taxonomy":"post_tag","embeddable":true,"href":"https:\/\/agora.xtec.cat\/esc-santjordi-svmontalt\/wp-json\/wp\/v2\/tags?post=13226"}],"curies":[{"name":"wp","href":"https:\/\/api.w.org\/{rel}","templated":true}]}}