{"id":13156,"date":"2025-10-22T13:30:41","date_gmt":"2025-10-22T11:30:41","guid":{"rendered":"https:\/\/agora.xtec.cat\/esc-santjordi-svmontalt\/?p=13156"},"modified":"2025-10-22T13:30:41","modified_gmt":"2025-10-22T11:30:41","slug":"sans-i-estalvis","status":"publish","type":"post","link":"https:\/\/agora.xtec.cat\/esc-santjordi-svmontalt\/primaria\/5e\/sans-i-estalvis\/","title":{"rendered":"Sans i estalvis!"},"content":{"rendered":"<p data-start=\"115\" data-end=\"425\">Els alumnes de 5\u00e8 estem immersos en el projecte <strong data-start=\"163\" data-end=\"184\">\u201cSans i estalvis\u201d<\/strong>, on estem aprenent sobre <strong data-start=\"210\" data-end=\"235\">els h\u00e0bits saludables<\/strong> i <strong data-start=\"238\" data-end=\"277\">els diferents aparells del cos hum\u00e0<\/strong>. A trav\u00e9s d\u2019activitats pr\u00e0ctiques, experiments i treballs cooperatius, descobrim com funciona el nostre cos i qu\u00e8 podem fer per cuidar-lo millor.<\/p>\n<p data-start=\"427\" data-end=\"637\">Aquests dies hem estat treballant especialment <strong data-start=\"474\" data-end=\"499\">l\u2019aparell respiratori<\/strong>, i hem posat en pr\u00e0ctica tot el que hem apr\u00e8s construint <strong data-start=\"557\" data-end=\"572\">una maqueta<\/strong> que ens ajuda a entendre com entra i surt l\u2019aire dels pulmons.<\/p>\n<p data-start=\"639\" data-end=\"767\">Compartim algunes <strong data-start=\"657\" data-end=\"690\">imatges del proc\u00e9s de creaci\u00f3<\/strong>, on podreu veure com treballem en equip i aprenem tot divertint-nos!<\/p>\n<p data-start=\"639\" data-end=\"767\"><a href=\"https:\/\/drive.google.com\/drive\/folders\/1VttrchArbApSSt6nmhY8FKeikqmof_qH?usp=drive_link\">IMATGES<\/a><\/p>\n","protected":false},"excerpt":{"rendered":"<p>Els alumnes de 5\u00e8 estem immersos en el projecte \u201cSans i estalvis\u201d, on estem aprenent sobre els h\u00e0bits saludables i els diferents aparells del cos hum\u00e0. A trav\u00e9s d\u2019activitats pr\u00e0ctiques, experiments i treballs cooperatius, descobrim com funciona el nostre cos i qu\u00e8 podem fer per&hellip;  <a href=\"https:\/\/agora.xtec.cat\/esc-santjordi-svmontalt\/primaria\/5e\/sans-i-estalvis\/\" title=\"Read Sans i estalvis!\">Llegeix m\u00e9s\u00bb<\/a><\/p>\n","protected":false},"author":44,"featured_media":0,"comment_status":"open","ping_status":"open","sticky":false,"template":"","format":"standard","meta":{"_bbp_topic_count":0,"_bbp_reply_count":0,"_bbp_total_topic_count":0,"_bbp_total_reply_count":0,"_bbp_voice_count":0,"_bbp_anonymous_reply_count":0,"_bbp_topic_count_hidden":0,"_bbp_reply_count_hidden":0,"_bbp_forum_subforum_count":0,"footnotes":""},"categories":[14],"tags":[],"class_list":["post-13156","post","type-post","status-publish","format-standard","hentry","category-5e"],"post_mailing_queue_ids":[],"_links":{"self":[{"href":"https:\/\/agora.xtec.cat\/esc-santjordi-svmontalt\/wp-json\/wp\/v2\/posts\/13156","targetHints":{"allow":["GET"]}}],"collection":[{"href":"https:\/\/agora.xtec.cat\/esc-santjordi-svmontalt\/wp-json\/wp\/v2\/posts"}],"about":[{"href":"https:\/\/agora.xtec.cat\/esc-santjordi-svmontalt\/wp-json\/wp\/v2\/types\/post"}],"author":[{"embeddable":true,"href":"https:\/\/agora.xtec.cat\/esc-santjordi-svmontalt\/wp-json\/wp\/v2\/users\/44"}],"replies":[{"embeddable":true,"href":"https:\/\/agora.xtec.cat\/esc-santjordi-svmontalt\/wp-json\/wp\/v2\/comments?post=13156"}],"version-history":[{"count":1,"href":"https:\/\/agora.xtec.cat\/esc-santjordi-svmontalt\/wp-json\/wp\/v2\/posts\/13156\/revisions"}],"predecessor-version":[{"id":13159,"href":"https:\/\/agora.xtec.cat\/esc-santjordi-svmontalt\/wp-json\/wp\/v2\/posts\/13156\/revisions\/13159"}],"wp:attachment":[{"href":"https:\/\/agora.xtec.cat\/esc-santjordi-svmontalt\/wp-json\/wp\/v2\/media?parent=13156"}],"wp:term":[{"taxonomy":"category","embeddable":true,"href":"https:\/\/agora.xtec.cat\/esc-santjordi-svmontalt\/wp-json\/wp\/v2\/categories?post=13156"},{"taxonomy":"post_tag","embeddable":true,"href":"https:\/\/agora.xtec.cat\/esc-santjordi-svmontalt\/wp-json\/wp\/v2\/tags?post=13156"}],"curies":[{"name":"wp","href":"https:\/\/api.w.org\/{rel}","templated":true}]}}