{"id":13135,"date":"2025-10-14T16:06:03","date_gmt":"2025-10-14T14:06:03","guid":{"rendered":"https:\/\/agora.xtec.cat\/esc-santjordi-svmontalt\/?p=13135"},"modified":"2025-10-14T16:06:03","modified_gmt":"2025-10-14T14:06:03","slug":"comencem-a-escriure-en-lletra-lligada","status":"publish","type":"post","link":"https:\/\/agora.xtec.cat\/esc-santjordi-svmontalt\/primaria\/comencem-a-escriure-en-lletra-lligada\/","title":{"rendered":"Comencem a escriure en lletra lligada"},"content":{"rendered":"<p data-start=\"113\" data-end=\"387\">L\u2019alumnat de 1r hem comen\u00e7at a treballar la lletra lligada! Estem molt emocionats i amb moltes ganes d\u2019aprendre a escriure d\u2019aquesta nova manera. Poc a poc anem practicant els tra\u00e7os, observant com s\u2019uneixen les lletres i descobrint com de bonic queda el que escrivim. \u00c9s un proc\u00e9s molt llarg per\u00f2, ho aconseguirem! Tamb\u00e9 us deixem unes fotos de grup dels primers dies.<\/p>\n<p data-start=\"389\" data-end=\"516\">Us deixem algunes <a href=\"https:\/\/drive.google.com\/drive\/folders\/1e11PI6X3IXmDflIf_psRYXt8lHbQCr5A?usp=drive_link\">IMATGES<\/a> perqu\u00e8 pugueu veure com treballem.<\/p>\n","protected":false},"excerpt":{"rendered":"<p>L\u2019alumnat de 1r hem comen\u00e7at a treballar la lletra lligada! Estem molt emocionats i amb moltes ganes d\u2019aprendre a escriure d\u2019aquesta nova manera. Poc a poc anem practicant els tra\u00e7os, observant com s\u2019uneixen les lletres i descobrint com de bonic queda el que escrivim. \u00c9s&hellip;  <a href=\"https:\/\/agora.xtec.cat\/esc-santjordi-svmontalt\/primaria\/comencem-a-escriure-en-lletra-lligada\/\" title=\"Read Comencem a escriure en lletra lligada\">Llegeix m\u00e9s\u00bb<\/a><\/p>\n","protected":false},"author":36,"featured_media":0,"comment_status":"open","ping_status":"open","sticky":false,"template":"","format":"standard","meta":{"_bbp_topic_count":0,"_bbp_reply_count":0,"_bbp_total_topic_count":0,"_bbp_total_reply_count":0,"_bbp_voice_count":0,"_bbp_anonymous_reply_count":0,"_bbp_topic_count_hidden":0,"_bbp_reply_count_hidden":0,"_bbp_forum_subforum_count":0,"footnotes":""},"categories":[10,5],"tags":[],"class_list":["post-13135","post","type-post","status-publish","format-standard","hentry","category-1r","category-primaria"],"post_mailing_queue_ids":[],"_links":{"self":[{"href":"https:\/\/agora.xtec.cat\/esc-santjordi-svmontalt\/wp-json\/wp\/v2\/posts\/13135","targetHints":{"allow":["GET"]}}],"collection":[{"href":"https:\/\/agora.xtec.cat\/esc-santjordi-svmontalt\/wp-json\/wp\/v2\/posts"}],"about":[{"href":"https:\/\/agora.xtec.cat\/esc-santjordi-svmontalt\/wp-json\/wp\/v2\/types\/post"}],"author":[{"embeddable":true,"href":"https:\/\/agora.xtec.cat\/esc-santjordi-svmontalt\/wp-json\/wp\/v2\/users\/36"}],"replies":[{"embeddable":true,"href":"https:\/\/agora.xtec.cat\/esc-santjordi-svmontalt\/wp-json\/wp\/v2\/comments?post=13135"}],"version-history":[{"count":2,"href":"https:\/\/agora.xtec.cat\/esc-santjordi-svmontalt\/wp-json\/wp\/v2\/posts\/13135\/revisions"}],"predecessor-version":[{"id":13137,"href":"https:\/\/agora.xtec.cat\/esc-santjordi-svmontalt\/wp-json\/wp\/v2\/posts\/13135\/revisions\/13137"}],"wp:attachment":[{"href":"https:\/\/agora.xtec.cat\/esc-santjordi-svmontalt\/wp-json\/wp\/v2\/media?parent=13135"}],"wp:term":[{"taxonomy":"category","embeddable":true,"href":"https:\/\/agora.xtec.cat\/esc-santjordi-svmontalt\/wp-json\/wp\/v2\/categories?post=13135"},{"taxonomy":"post_tag","embeddable":true,"href":"https:\/\/agora.xtec.cat\/esc-santjordi-svmontalt\/wp-json\/wp\/v2\/tags?post=13135"}],"curies":[{"name":"wp","href":"https:\/\/api.w.org\/{rel}","templated":true}]}}