{"id":13084,"date":"2026-03-15T12:51:10","date_gmt":"2026-03-15T11:51:10","guid":{"rendered":"https:\/\/agora.xtec.cat\/esc-santjordi-svmontalt\/?p=13084"},"modified":"2025-09-29T12:54:25","modified_gmt":"2025-09-29T10:54:25","slug":"educacio-emocional","status":"publish","type":"post","link":"https:\/\/agora.xtec.cat\/esc-santjordi-svmontalt\/especialitats\/biblioteca\/educacio-emocional\/","title":{"rendered":"EDUCACI\u00d3 EMOCIONAL"},"content":{"rendered":"<p data-start=\"179\" data-end=\"346\">Les emocions s\u00f3n com colors que pinten el nostre dia. A vegades ens sentim contents, altres tristos, enfadats o amb por. Totes les emocions s\u00f3n normals i importants.<\/p>\n<p data-start=\"348\" data-end=\"569\">L\u2019<strong data-start=\"350\" data-end=\"372\">educaci\u00f3 emocional<\/strong> ens ajuda a con\u00e8ixer qu\u00e8 sentim, a posar nom a les emocions i a trobar maneres per estar millor. Quan aprenem a escoltar-nos, \u00e9s m\u00e9s f\u00e0cil parlar amb els altres, fer amics i resoldre conflictes.<\/p>\n<p data-start=\"571\" data-end=\"722\">Entendre les emocions \u00e9s com tenir una br\u00faixola que ens guia. Ens ajuda a cr\u00e9ixer feli\u00e7os, a respectar els altres i a cuidar-nos per dins i per fora.<\/p>\n<p data-start=\"724\" data-end=\"825\">Perqu\u00e8 aprendre matem\u00e0tiques o llegir \u00e9s molt important\u2026 per\u00f2 aprendre a cuidar les emocions tamb\u00e9!<\/p>\n<p data-start=\"724\" data-end=\"825\"><a href=\"https:\/\/agora.xtec.cat\/esc-santjordi-svmontalt\/wp-content\/uploads\/usu1728\/2026\/03\/Captura-de-pantalla-2025-09-29-125330.jpg\"><br \/>\n<img loading=\"lazy\" decoding=\"async\" class=\"wp-image-13086 aligncenter\" src=\"https:\/\/agora.xtec.cat\/esc-santjordi-svmontalt\/wp-content\/uploads\/usu1728\/2026\/03\/Captura-de-pantalla-2025-09-29-125330.jpg\" alt=\"\" width=\"203\" height=\"251\" srcset=\"https:\/\/agora.xtec.cat\/esc-santjordi-svmontalt\/wp-content\/uploads\/usu1728\/2026\/03\/Captura-de-pantalla-2025-09-29-125330.jpg 466w, https:\/\/agora.xtec.cat\/esc-santjordi-svmontalt\/wp-content\/uploads\/usu1728\/2026\/03\/Captura-de-pantalla-2025-09-29-125330-243x300.jpg 243w\" sizes=\"auto, (max-width: 203px) 100vw, 203px\" \/><\/a><\/p>\n","protected":false},"excerpt":{"rendered":"<p>Les emocions s\u00f3n com colors que pinten el nostre dia. A vegades ens sentim contents, altres tristos, enfadats o amb por. Totes les emocions s\u00f3n normals i importants.<br \/>\nL\u2019educaci\u00f3 emocional ens ajuda a con\u00e8ixer qu\u00e8 sentim, a posar nom a les emocions i a trobar maneres&hellip;  <a href=\"https:\/\/agora.xtec.cat\/esc-santjordi-svmontalt\/especialitats\/biblioteca\/educacio-emocional\/\" title=\"Read EDUCACI\u00d3 EMOCIONAL\">Llegeix m\u00e9s\u00bb<\/a><\/p>\n","protected":false},"author":40,"featured_media":0,"comment_status":"open","ping_status":"open","sticky":false,"template":"","format":"standard","meta":{"_bbp_topic_count":0,"_bbp_reply_count":0,"_bbp_total_topic_count":0,"_bbp_total_reply_count":0,"_bbp_voice_count":0,"_bbp_anonymous_reply_count":0,"_bbp_topic_count_hidden":0,"_bbp_reply_count_hidden":0,"_bbp_forum_subforum_count":0,"footnotes":""},"categories":[68],"tags":[],"class_list":["post-13084","post","type-post","status-publish","format-standard","hentry","category-biblioteca"],"post_mailing_queue_ids":[],"_links":{"self":[{"href":"https:\/\/agora.xtec.cat\/esc-santjordi-svmontalt\/wp-json\/wp\/v2\/posts\/13084","targetHints":{"allow":["GET"]}}],"collection":[{"href":"https:\/\/agora.xtec.cat\/esc-santjordi-svmontalt\/wp-json\/wp\/v2\/posts"}],"about":[{"href":"https:\/\/agora.xtec.cat\/esc-santjordi-svmontalt\/wp-json\/wp\/v2\/types\/post"}],"author":[{"embeddable":true,"href":"https:\/\/agora.xtec.cat\/esc-santjordi-svmontalt\/wp-json\/wp\/v2\/users\/40"}],"replies":[{"embeddable":true,"href":"https:\/\/agora.xtec.cat\/esc-santjordi-svmontalt\/wp-json\/wp\/v2\/comments?post=13084"}],"version-history":[{"count":2,"href":"https:\/\/agora.xtec.cat\/esc-santjordi-svmontalt\/wp-json\/wp\/v2\/posts\/13084\/revisions"}],"predecessor-version":[{"id":13087,"href":"https:\/\/agora.xtec.cat\/esc-santjordi-svmontalt\/wp-json\/wp\/v2\/posts\/13084\/revisions\/13087"}],"wp:attachment":[{"href":"https:\/\/agora.xtec.cat\/esc-santjordi-svmontalt\/wp-json\/wp\/v2\/media?parent=13084"}],"wp:term":[{"taxonomy":"category","embeddable":true,"href":"https:\/\/agora.xtec.cat\/esc-santjordi-svmontalt\/wp-json\/wp\/v2\/categories?post=13084"},{"taxonomy":"post_tag","embeddable":true,"href":"https:\/\/agora.xtec.cat\/esc-santjordi-svmontalt\/wp-json\/wp\/v2\/tags?post=13084"}],"curies":[{"name":"wp","href":"https:\/\/api.w.org\/{rel}","templated":true}]}}