{"id":13066,"date":"2025-11-15T12:15:26","date_gmt":"2025-11-15T11:15:26","guid":{"rendered":"https:\/\/agora.xtec.cat\/esc-santjordi-svmontalt\/?p=13066"},"modified":"2025-09-29T12:19:18","modified_gmt":"2025-09-29T10:19:18","slug":"anna-kadabra","status":"publish","type":"post","link":"https:\/\/agora.xtec.cat\/esc-santjordi-svmontalt\/especialitats\/biblioteca\/anna-kadabra\/","title":{"rendered":"ANNA KADABRA"},"content":{"rendered":"<p>SEGUIM AMB LES NOVETATS DE LLIBRES I COL\u00b7LECCIONS QUE TENIM AQUEST CURS.<\/p>\n<p>AVUI US PRESENTEM LA COL\u00b7LECCI\u00d3 <strong>ANNA KADABRA,<\/strong> LLIBRES A PARTIR DE 7 ANYS. L&#8217;ALUMNAT POT ENDINSAR-SE EN LES P\u00c0GINES GAUDINT DE LES AVENTURES AMB CRIATURES M\u00c0GIQUES, ON LES BRUIXES S\u00d3N LES BONES DEL CONTE.<\/p>\n<p><a href=\"https:\/\/agora.xtec.cat\/esc-santjordi-svmontalt\/wp-content\/uploads\/usu1728\/2025\/09\/Captura-de-pantalla-2025-09-29-121813.jpg\"><img loading=\"lazy\" decoding=\"async\" class=\"wp-image-13067 aligncenter\" src=\"https:\/\/agora.xtec.cat\/esc-santjordi-svmontalt\/wp-content\/uploads\/usu1728\/2025\/09\/Captura-de-pantalla-2025-09-29-121813.jpg\" alt=\"\" width=\"128\" height=\"185\" srcset=\"https:\/\/agora.xtec.cat\/esc-santjordi-svmontalt\/wp-content\/uploads\/usu1728\/2025\/09\/Captura-de-pantalla-2025-09-29-121813.jpg 262w, https:\/\/agora.xtec.cat\/esc-santjordi-svmontalt\/wp-content\/uploads\/usu1728\/2025\/09\/Captura-de-pantalla-2025-09-29-121813-208x300.jpg 208w\" sizes=\"auto, (max-width: 128px) 100vw, 128px\" \/><\/a><\/p>\n","protected":false},"excerpt":{"rendered":"<p>SEGUIM AMB LES NOVETATS DE LLIBRES I COL\u00b7LECCIONS QUE TENIM AQUEST CURS.<br \/>\nAVUI US PRESENTEM LA COL\u00b7LECCI\u00d3 ANNA KADABRA, LLIBRES A PARTIR DE 7 ANYS. L&#8217;ALUMNAT POT ENDINSAR-SE EN LES P\u00c0GINES GAUDINT DE LES AVENTURES AMB CRIATURES M\u00c0GIQUES, ON LES BRUIXES S\u00d3N LES BONES DEL CONTE.<br \/>\n<a&hellip;  <a href=\"https:\/\/agora.xtec.cat\/esc-santjordi-svmontalt\/especialitats\/biblioteca\/anna-kadabra\/\" title=\"Read ANNA KADABRA\">Llegeix m\u00e9s\u00bb<\/a><\/p>\n","protected":false},"author":40,"featured_media":0,"comment_status":"open","ping_status":"open","sticky":false,"template":"","format":"standard","meta":{"_bbp_topic_count":0,"_bbp_reply_count":0,"_bbp_total_topic_count":0,"_bbp_total_reply_count":0,"_bbp_voice_count":0,"_bbp_anonymous_reply_count":0,"_bbp_topic_count_hidden":0,"_bbp_reply_count_hidden":0,"_bbp_forum_subforum_count":0,"footnotes":""},"categories":[68],"tags":[],"class_list":["post-13066","post","type-post","status-publish","format-standard","hentry","category-biblioteca"],"post_mailing_queue_ids":[],"_links":{"self":[{"href":"https:\/\/agora.xtec.cat\/esc-santjordi-svmontalt\/wp-json\/wp\/v2\/posts\/13066","targetHints":{"allow":["GET"]}}],"collection":[{"href":"https:\/\/agora.xtec.cat\/esc-santjordi-svmontalt\/wp-json\/wp\/v2\/posts"}],"about":[{"href":"https:\/\/agora.xtec.cat\/esc-santjordi-svmontalt\/wp-json\/wp\/v2\/types\/post"}],"author":[{"embeddable":true,"href":"https:\/\/agora.xtec.cat\/esc-santjordi-svmontalt\/wp-json\/wp\/v2\/users\/40"}],"replies":[{"embeddable":true,"href":"https:\/\/agora.xtec.cat\/esc-santjordi-svmontalt\/wp-json\/wp\/v2\/comments?post=13066"}],"version-history":[{"count":2,"href":"https:\/\/agora.xtec.cat\/esc-santjordi-svmontalt\/wp-json\/wp\/v2\/posts\/13066\/revisions"}],"predecessor-version":[{"id":13069,"href":"https:\/\/agora.xtec.cat\/esc-santjordi-svmontalt\/wp-json\/wp\/v2\/posts\/13066\/revisions\/13069"}],"wp:attachment":[{"href":"https:\/\/agora.xtec.cat\/esc-santjordi-svmontalt\/wp-json\/wp\/v2\/media?parent=13066"}],"wp:term":[{"taxonomy":"category","embeddable":true,"href":"https:\/\/agora.xtec.cat\/esc-santjordi-svmontalt\/wp-json\/wp\/v2\/categories?post=13066"},{"taxonomy":"post_tag","embeddable":true,"href":"https:\/\/agora.xtec.cat\/esc-santjordi-svmontalt\/wp-json\/wp\/v2\/tags?post=13066"}],"curies":[{"name":"wp","href":"https:\/\/api.w.org\/{rel}","templated":true}]}}