{"id":13043,"date":"2025-09-09T15:34:27","date_gmt":"2025-09-09T13:34:27","guid":{"rendered":"https:\/\/agora.xtec.cat\/esc-santjordi-svmontalt\/?p=13043"},"modified":"2025-09-09T22:58:35","modified_gmt":"2025-09-09T20:58:35","slug":"primer-dia","status":"publish","type":"post","link":"https:\/\/agora.xtec.cat\/esc-santjordi-svmontalt\/infantil\/i5\/primer-dia\/","title":{"rendered":"PRIMER DIA"},"content":{"rendered":"<p>Ja hem comen\u00e7at l\u2019escola i no pod\u00edem estar m\u00e9s contents! Ens ho hem passat molt b\u00e9 el primer dia. Despr\u00e9s d\u2019explicar tot el que hem fet durant les vacances hem fet la nostra primera feina d\u2019I5. Ja veureu que concentrats i que bonic que ens va quedar. Son uns art\u00edstes!!!<\/p>\n<p><a href=\"https:\/\/drive.google.com\/drive\/folders\/1BSc-XyYxV4FYoYgUlM8jtAW9mmruPNrp\" target=\"_blank\" rel=\"noopener\">PRIMER DIA<\/a><\/p>\n","protected":false},"excerpt":{"rendered":"<p>Ja hem comen\u00e7at l\u2019escola i no pod\u00edem estar m\u00e9s contents! Ens ho hem passat molt b\u00e9 el primer dia. Despr\u00e9s d\u2019explicar tot el que hem fet durant les vacances hem fet la nostra primera feina d\u2019I5. Ja veureu que concentrats i que bonic que ens&hellip;  <a href=\"https:\/\/agora.xtec.cat\/esc-santjordi-svmontalt\/infantil\/i5\/primer-dia\/\" title=\"Read PRIMER DIA\">Llegeix m\u00e9s\u00bb<\/a><\/p>\n","protected":false},"author":42,"featured_media":0,"comment_status":"open","ping_status":"open","sticky":false,"template":"","format":"standard","meta":{"_bbp_topic_count":0,"_bbp_reply_count":0,"_bbp_total_topic_count":0,"_bbp_total_reply_count":0,"_bbp_voice_count":0,"_bbp_anonymous_reply_count":0,"_bbp_topic_count_hidden":0,"_bbp_reply_count_hidden":0,"_bbp_forum_subforum_count":0,"footnotes":""},"categories":[9],"tags":[],"class_list":["post-13043","post","type-post","status-publish","format-standard","hentry","category-i5"],"post_mailing_queue_ids":[],"_links":{"self":[{"href":"https:\/\/agora.xtec.cat\/esc-santjordi-svmontalt\/wp-json\/wp\/v2\/posts\/13043","targetHints":{"allow":["GET"]}}],"collection":[{"href":"https:\/\/agora.xtec.cat\/esc-santjordi-svmontalt\/wp-json\/wp\/v2\/posts"}],"about":[{"href":"https:\/\/agora.xtec.cat\/esc-santjordi-svmontalt\/wp-json\/wp\/v2\/types\/post"}],"author":[{"embeddable":true,"href":"https:\/\/agora.xtec.cat\/esc-santjordi-svmontalt\/wp-json\/wp\/v2\/users\/42"}],"replies":[{"embeddable":true,"href":"https:\/\/agora.xtec.cat\/esc-santjordi-svmontalt\/wp-json\/wp\/v2\/comments?post=13043"}],"version-history":[{"count":2,"href":"https:\/\/agora.xtec.cat\/esc-santjordi-svmontalt\/wp-json\/wp\/v2\/posts\/13043\/revisions"}],"predecessor-version":[{"id":13049,"href":"https:\/\/agora.xtec.cat\/esc-santjordi-svmontalt\/wp-json\/wp\/v2\/posts\/13043\/revisions\/13049"}],"wp:attachment":[{"href":"https:\/\/agora.xtec.cat\/esc-santjordi-svmontalt\/wp-json\/wp\/v2\/media?parent=13043"}],"wp:term":[{"taxonomy":"category","embeddable":true,"href":"https:\/\/agora.xtec.cat\/esc-santjordi-svmontalt\/wp-json\/wp\/v2\/categories?post=13043"},{"taxonomy":"post_tag","embeddable":true,"href":"https:\/\/agora.xtec.cat\/esc-santjordi-svmontalt\/wp-json\/wp\/v2\/tags?post=13043"}],"curies":[{"name":"wp","href":"https:\/\/api.w.org\/{rel}","templated":true}]}}