{"id":12943,"date":"2025-05-29T11:10:34","date_gmt":"2025-05-29T09:10:34","guid":{"rendered":"https:\/\/agora.xtec.cat\/esc-santjordi-svmontalt\/?p=12943"},"modified":"2025-08-29T09:47:25","modified_gmt":"2025-08-29T07:47:25","slug":"pugem-al-montalt-pel-lupus-2","status":"publish","type":"post","link":"https:\/\/agora.xtec.cat\/esc-santjordi-svmontalt\/primaria\/pugem-al-montalt-pel-lupus-2\/","title":{"rendered":"PUGEM AL MONTALT PEL LUPUS"},"content":{"rendered":"<p><img loading=\"lazy\" decoding=\"async\" class=\" wp-image-8499\" src=\"https:\/\/agora.xtec.cat\/esc-santjordi-svmontalt\/wp-content\/uploads\/usu1728\/2021\/11\/logo-Sant-Jordi1-300x274.jpeg\" alt=\"\" width=\"209\" height=\"191\" srcset=\"https:\/\/agora.xtec.cat\/esc-santjordi-svmontalt\/wp-content\/uploads\/usu1728\/2021\/11\/logo-Sant-Jordi1-300x274.jpeg 300w, https:\/\/agora.xtec.cat\/esc-santjordi-svmontalt\/wp-content\/uploads\/usu1728\/2021\/11\/logo-Sant-Jordi1.jpeg 591w\" sizes=\"auto, (max-width: 209px) 100vw, 209px\" \/><img loading=\"lazy\" decoding=\"async\" class=\"wp-image-12279 alignleft\" src=\"https:\/\/agora.xtec.cat\/esc-santjordi-svmontalt\/wp-content\/uploads\/usu1728\/2024\/05\/LUPUS.png\" alt=\"\" width=\"188\" height=\"188\" srcset=\"https:\/\/agora.xtec.cat\/esc-santjordi-svmontalt\/wp-content\/uploads\/usu1728\/2024\/05\/LUPUS.png 225w, https:\/\/agora.xtec.cat\/esc-santjordi-svmontalt\/wp-content\/uploads\/usu1728\/2024\/05\/LUPUS-150x150.png 150w\" sizes=\"auto, (max-width: 188px) 100vw, 188px\" \/><\/p>\n<p>Per 3r any consecutiu hem col\u00b7laborat amb l&#8217;associaci\u00f3 Kms pel LUPUS i hem pujat al Montalt.<\/p>\n<p>El passat 23 de maig, tot l&#8217;alumnat de l&#8217;escola, amb mestres i fam\u00edlies vam ser una sortida al Montalt. Els nens i nenes de 1r i 2n van anar fins els Pins d&#8217;en Pere, i van visitar les runes de la casa d&#8217;en Bosc. mentrestant, l&#8217;alumnat de 3r a 6\u00e8 va continuar pujant fins a la Ferradura. Des d&#8217;all\u00e0, per grups m\u00e9s petits van aconseguir fer el cim del Montalt.<\/p>\n<p>Va ser un dia de caminades, jocs a la muntanya esfor\u00e7 i diversi\u00f3.<\/p>\n<p><img loading=\"lazy\" decoding=\"async\" class=\"wp-image-12946 alignleft\" src=\"https:\/\/agora.xtec.cat\/esc-santjordi-svmontalt\/wp-content\/uploads\/usu1728\/2025\/05\/IMG_0953-2.jpg\" alt=\"\" width=\"384\" height=\"288\" srcset=\"https:\/\/agora.xtec.cat\/esc-santjordi-svmontalt\/wp-content\/uploads\/usu1728\/2025\/05\/IMG_0953-2.jpg 600w, https:\/\/agora.xtec.cat\/esc-santjordi-svmontalt\/wp-content\/uploads\/usu1728\/2025\/05\/IMG_0953-2-300x225.jpg 300w, https:\/\/agora.xtec.cat\/esc-santjordi-svmontalt\/wp-content\/uploads\/usu1728\/2025\/05\/IMG_0953-2-200x150.jpg 200w\" sizes=\"auto, (max-width: 384px) 100vw, 384px\" \/><\/p>\n<p>&nbsp;<\/p>\n<p>&nbsp;<\/p>\n<p>&nbsp;<\/p>\n<p>En arribar a l&#8217;escola es va fer la paradeta per vendre el que van fer als tallers de Sant Jordi.<\/p>\n<p>MOLTES GR\u00c0CIES a tothom que va participar de la jornada, en especial al Toni Buch que ens va fer de guia!<\/p>\n<p><strong><a href=\"https:\/\/drive.google.com\/drive\/folders\/1yjriw_2bo6nkH352D0ddMHiuPilT_yme?usp=drive_link\" target=\"_blank\" rel=\"noopener\">Aqu\u00ed<\/a> <\/strong>teniu un recull d&#8217;imatges de la jornada.<\/p>\n","protected":false},"excerpt":{"rendered":"<p>Per 3r any consecutiu hem col\u00b7laborat amb l&#8217;associaci\u00f3 Kms pel LUPUS i hem pujat al Montalt.<br \/>\nEl passat 23 de maig, tot l&#8217;alumnat de l&#8217;escola, amb mestres i fam\u00edlies vam ser una sortida al Montalt. Els nens i nenes de 1r i 2n van anar fins&hellip;  <a href=\"https:\/\/agora.xtec.cat\/esc-santjordi-svmontalt\/primaria\/pugem-al-montalt-pel-lupus-2\/\" title=\"Read PUGEM AL MONTALT PEL LUPUS\">Llegeix m\u00e9s\u00bb<\/a><\/p>\n","protected":false},"author":1,"featured_media":12946,"comment_status":"open","ping_status":"closed","sticky":false,"template":"","format":"standard","meta":{"_bbp_topic_count":0,"_bbp_reply_count":0,"_bbp_total_topic_count":0,"_bbp_total_reply_count":0,"_bbp_voice_count":0,"_bbp_anonymous_reply_count":0,"_bbp_topic_count_hidden":0,"_bbp_reply_count_hidden":0,"_bbp_forum_subforum_count":0,"footnotes":""},"categories":[5,166],"tags":[],"class_list":["post-12943","post","type-post","status-publish","format-standard","has-post-thumbnail","hentry","category-primaria","category-portada"],"post_mailing_queue_ids":[],"_links":{"self":[{"href":"https:\/\/agora.xtec.cat\/esc-santjordi-svmontalt\/wp-json\/wp\/v2\/posts\/12943","targetHints":{"allow":["GET"]}}],"collection":[{"href":"https:\/\/agora.xtec.cat\/esc-santjordi-svmontalt\/wp-json\/wp\/v2\/posts"}],"about":[{"href":"https:\/\/agora.xtec.cat\/esc-santjordi-svmontalt\/wp-json\/wp\/v2\/types\/post"}],"author":[{"embeddable":true,"href":"https:\/\/agora.xtec.cat\/esc-santjordi-svmontalt\/wp-json\/wp\/v2\/users\/1"}],"replies":[{"embeddable":true,"href":"https:\/\/agora.xtec.cat\/esc-santjordi-svmontalt\/wp-json\/wp\/v2\/comments?post=12943"}],"version-history":[{"count":5,"href":"https:\/\/agora.xtec.cat\/esc-santjordi-svmontalt\/wp-json\/wp\/v2\/posts\/12943\/revisions"}],"predecessor-version":[{"id":12951,"href":"https:\/\/agora.xtec.cat\/esc-santjordi-svmontalt\/wp-json\/wp\/v2\/posts\/12943\/revisions\/12951"}],"wp:featuredmedia":[{"embeddable":true,"href":"https:\/\/agora.xtec.cat\/esc-santjordi-svmontalt\/wp-json\/wp\/v2\/media\/12946"}],"wp:attachment":[{"href":"https:\/\/agora.xtec.cat\/esc-santjordi-svmontalt\/wp-json\/wp\/v2\/media?parent=12943"}],"wp:term":[{"taxonomy":"category","embeddable":true,"href":"https:\/\/agora.xtec.cat\/esc-santjordi-svmontalt\/wp-json\/wp\/v2\/categories?post=12943"},{"taxonomy":"post_tag","embeddable":true,"href":"https:\/\/agora.xtec.cat\/esc-santjordi-svmontalt\/wp-json\/wp\/v2\/tags?post=12943"}],"curies":[{"name":"wp","href":"https:\/\/api.w.org\/{rel}","templated":true}]}}