{"id":12902,"date":"2025-05-16T15:57:02","date_gmt":"2025-05-16T13:57:02","guid":{"rendered":"https:\/\/agora.xtec.cat\/esc-santjordi-svmontalt\/?p=12902"},"modified":"2025-08-31T17:53:47","modified_gmt":"2025-08-31T15:53:47","slug":"anem-a-la-gran-final-dels-mschools","status":"publish","type":"post","link":"https:\/\/agora.xtec.cat\/esc-santjordi-svmontalt\/general\/anem-a-la-gran-final-dels-mschools\/","title":{"rendered":"ANEM A LA GRAN FINAL DELS MSCHOOLS AWARDS 2025!"},"content":{"rendered":"<h2 style=\"text-align: center;\"><strong>SEGUEIX EL CAM\u00cd BLAU!<\/strong><\/h2>\n<p>Amb gran orgull us volem anunciar que l&#8217;equip de 6\u00e8 que va presentar el seu projecte d&#8217;SCRATCH al concurs de Catalunya mSchools Awards 2025 ha estat seleccionat com a finalista!<\/p>\n<p><img loading=\"lazy\" decoding=\"async\" class=\"aligncenter size-medium wp-image-12904\" src=\"https:\/\/agora.xtec.cat\/esc-santjordi-svmontalt\/wp-content\/uploads\/usu1728\/2025\/05\/scratch-300x200.jpg\" alt=\"\" width=\"300\" height=\"200\" srcset=\"https:\/\/agora.xtec.cat\/esc-santjordi-svmontalt\/wp-content\/uploads\/usu1728\/2025\/05\/scratch-300x200.jpg 300w, https:\/\/agora.xtec.cat\/esc-santjordi-svmontalt\/wp-content\/uploads\/usu1728\/2025\/05\/scratch.jpg 741w\" sizes=\"auto, (max-width: 300px) 100vw, 300px\" \/><\/p>\n<p><img loading=\"lazy\" decoding=\"async\" class=\"size-medium wp-image-12906 aligncenter\" src=\"https:\/\/agora.xtec.cat\/esc-santjordi-svmontalt\/wp-content\/uploads\/usu1728\/2025\/05\/BLAU-300x169.jpg\" alt=\"\" width=\"300\" height=\"169\" srcset=\"https:\/\/agora.xtec.cat\/esc-santjordi-svmontalt\/wp-content\/uploads\/usu1728\/2025\/05\/BLAU-300x169.jpg 300w, https:\/\/agora.xtec.cat\/esc-santjordi-svmontalt\/wp-content\/uploads\/usu1728\/2025\/05\/BLAU.jpg 638w\" sizes=\"auto, (max-width: 300px) 100vw, 300px\" \/><\/p>\n<p>Felicitem a la Mar, l&#8217;Emma E, el Noah, el Mart\u00ed, l&#8217;Emma M, la Paula i l&#8217;\u00c0marok per haver aconseguit aquesta gran fita, que realment s&#8217;ho mereixen molt\u00edssim! \ud83e\udd70<\/p>\n<h2 style=\"text-align: center;\"><strong><img loading=\"lazy\" decoding=\"async\" class=\"aligncenter size-medium wp-image-12907\" src=\"https:\/\/agora.xtec.cat\/esc-santjordi-svmontalt\/wp-content\/uploads\/usu1728\/2025\/05\/Finalistes-300x240.png\" alt=\"\" width=\"300\" height=\"240\" srcset=\"https:\/\/agora.xtec.cat\/esc-santjordi-svmontalt\/wp-content\/uploads\/usu1728\/2025\/05\/Finalistes-300x240.png 300w, https:\/\/agora.xtec.cat\/esc-santjordi-svmontalt\/wp-content\/uploads\/usu1728\/2025\/05\/Finalistes-1024x819.png 1024w, https:\/\/agora.xtec.cat\/esc-santjordi-svmontalt\/wp-content\/uploads\/usu1728\/2025\/05\/Finalistes-768x614.png 768w, https:\/\/agora.xtec.cat\/esc-santjordi-svmontalt\/wp-content\/uploads\/usu1728\/2025\/05\/Finalistes-1536x1229.png 1536w, https:\/\/agora.xtec.cat\/esc-santjordi-svmontalt\/wp-content\/uploads\/usu1728\/2025\/05\/Finalistes.png 2000w\" sizes=\"auto, (max-width: 300px) 100vw, 300px\" \/><\/strong><\/h2>\n<p>Aquest any, com a novetat, es realitza una votaci\u00f3 en l\u00ednia pr\u00e8viament a la Gran Final perqu\u00e8 pugueu triar la vostra proposta d&#8217;aula preferida i ajudar-la a guanyar el Premi del P\u00fablic! Us demanem que en ajudeu, votant el nostre projecte: SEGUEIX EL CAM\u00cd BLAU<\/p>\n<p style=\"text-align: center;\"><a href=\"https:\/\/mschools.com\/ca\/challenge\/mschools-awards-2025\/\">PROJECTES FINALISTES<\/a><\/p>\n<h3 style=\"text-align: center;\"><a href=\"https:\/\/docs.google.com\/forms\/d\/e\/1FAIpQLSc1E24Ukv9P380kbkKgtxx7vXelRgCJgim4vkBTFhKwev5-Sw\/viewform\">ENLLA\u00c7 A LA VOTACI\u00d3<\/a><\/h3>\n<p>La proposta \u00e9s innovadora per la seva integraci\u00f3 real de diverses \u00e0rees curriculars en un \u00fanic projecte significatiu. Destaca per l\u2019\u00fas de la tecnologia com a eina creativa, per la seva naturalesa col\u00b7laborativa i per l\u2019autonomia real de l\u2019alumnat en tot el proc\u00e9s. A m\u00e9s, la creaci\u00f3 d\u2019una identitat de grup, ja des del curs anterior, (&#8220;Make me&#8221;) aporta un fort sentiment de pertinen\u00e7a i implicaci\u00f3. El resultat final \u2014un videojoc que fomenta valors de responsabilitat ecol\u00f2gica i consci\u00e8ncia cr\u00edtica, codificat i dissenyat \u00edntegrament per l\u2019alumnat\u2014 \u00e9s un producte d\u2019alt valor pedag\u00f2gic i tecnol\u00f2gic, representant una mostra clara d\u2019aprenentatge actiu i connectat amb el m\u00f3n real. L\u2019entusiasme, implicaci\u00f3 i comprom\u00eds de tot el grup vers el projecte ha estat m\u00e0xim.<\/p>\n<p style=\"text-align: center;\"><strong>El dissabte 7 de juny anem a la Gran Final a Fira de Barcelona!\u00a0 #mSchoolsAwards2025<\/strong><\/p>\n","protected":false},"excerpt":{"rendered":"<p>SEGUEIX EL CAM\u00cd BLAU!<br \/>\nAmb gran orgull us volem anunciar que l&#8217;equip de 6\u00e8 que va presentar el seu projecte d&#8217;SCRATCH al concurs de Catalunya mSchools Awards 2025 ha estat seleccionat com a finalista!<\/p>\n<p>Felicitem a la Mar, l&#8217;Emma E, el Noah, el Mart\u00ed, l&#8217;Emma M, la&hellip;  <a href=\"https:\/\/agora.xtec.cat\/esc-santjordi-svmontalt\/general\/anem-a-la-gran-final-dels-mschools\/\" title=\"Read ANEM A LA GRAN FINAL DELS MSCHOOLS AWARDS 2025!\">Llegeix m\u00e9s\u00bb<\/a><\/p>\n","protected":false},"author":1,"featured_media":12904,"comment_status":"open","ping_status":"closed","sticky":false,"template":"","format":"standard","meta":{"_bbp_topic_count":0,"_bbp_reply_count":0,"_bbp_total_topic_count":0,"_bbp_total_reply_count":0,"_bbp_voice_count":0,"_bbp_anonymous_reply_count":0,"_bbp_topic_count_hidden":0,"_bbp_reply_count_hidden":0,"_bbp_forum_subforum_count":0,"footnotes":""},"categories":[1,166],"tags":[],"class_list":["post-12902","post","type-post","status-publish","format-standard","has-post-thumbnail","hentry","category-general","category-portada"],"post_mailing_queue_ids":[],"_links":{"self":[{"href":"https:\/\/agora.xtec.cat\/esc-santjordi-svmontalt\/wp-json\/wp\/v2\/posts\/12902","targetHints":{"allow":["GET"]}}],"collection":[{"href":"https:\/\/agora.xtec.cat\/esc-santjordi-svmontalt\/wp-json\/wp\/v2\/posts"}],"about":[{"href":"https:\/\/agora.xtec.cat\/esc-santjordi-svmontalt\/wp-json\/wp\/v2\/types\/post"}],"author":[{"embeddable":true,"href":"https:\/\/agora.xtec.cat\/esc-santjordi-svmontalt\/wp-json\/wp\/v2\/users\/1"}],"replies":[{"embeddable":true,"href":"https:\/\/agora.xtec.cat\/esc-santjordi-svmontalt\/wp-json\/wp\/v2\/comments?post=12902"}],"version-history":[{"count":3,"href":"https:\/\/agora.xtec.cat\/esc-santjordi-svmontalt\/wp-json\/wp\/v2\/posts\/12902\/revisions"}],"predecessor-version":[{"id":12911,"href":"https:\/\/agora.xtec.cat\/esc-santjordi-svmontalt\/wp-json\/wp\/v2\/posts\/12902\/revisions\/12911"}],"wp:featuredmedia":[{"embeddable":true,"href":"https:\/\/agora.xtec.cat\/esc-santjordi-svmontalt\/wp-json\/wp\/v2\/media\/12904"}],"wp:attachment":[{"href":"https:\/\/agora.xtec.cat\/esc-santjordi-svmontalt\/wp-json\/wp\/v2\/media?parent=12902"}],"wp:term":[{"taxonomy":"category","embeddable":true,"href":"https:\/\/agora.xtec.cat\/esc-santjordi-svmontalt\/wp-json\/wp\/v2\/categories?post=12902"},{"taxonomy":"post_tag","embeddable":true,"href":"https:\/\/agora.xtec.cat\/esc-santjordi-svmontalt\/wp-json\/wp\/v2\/tags?post=12902"}],"curies":[{"name":"wp","href":"https:\/\/api.w.org\/{rel}","templated":true}]}}