{"id":12846,"date":"2025-04-11T15:17:39","date_gmt":"2025-04-11T13:17:39","guid":{"rendered":"https:\/\/agora.xtec.cat\/esc-santjordi-svmontalt\/?p=12846"},"modified":"2025-08-31T17:52:05","modified_gmt":"2025-08-31T15:52:05","slug":"anem-a-la-radio","status":"publish","type":"post","link":"https:\/\/agora.xtec.cat\/esc-santjordi-svmontalt\/general\/anem-a-la-radio\/","title":{"rendered":"ANEM A LA R\u00c0DIO!"},"content":{"rendered":"<p>Hola a tothom!<\/p>\n<p>Acabem ja el segon trimestre, i l&#8217;alumnat del SEP d&#8217;enriquiment de 4t hem anat a la r\u00e0dio a fer un programa molt animal!<\/p>\n<p>Un passem l&#8217;enlla\u00e7 del SITES i us convidem a veure el programa i a fer un cop d&#8217;ull a totes les activitats que hem anat realitzant al llarg del curs.<\/p>\n<p style=\"text-align: center;\"><a href=\"https:\/\/sites.google.com\/santjordiescola.cat\/redacciodeldrac\/redacci%C3%B3-del-drac-24-25\/anem-a-la-r%C3%A0dio?authuser=0\">SITES La Redacci\u00f3 del Drac<\/a><\/p>\n<p>En aquest mateix SITES tamb\u00e9 podreu tornar a mirar les activitats que es van realitzar l&#8217;any anterior, i \u00e9s que ja portem dos cursos fent la Redacci\u00f3 del Drac.<\/p>\n<p>I, en breu, just quan tornem de la Setmana Santa, podreu veure tamb\u00e9 una obra de teatre de Sant Jordi \ud83d\udc32<\/p>\n<p>Seguim!<\/p>\n","protected":false},"excerpt":{"rendered":"<p>Hola a tothom!<br \/>\nAcabem ja el segon trimestre, i l&#8217;alumnat del SEP d&#8217;enriquiment de 4t hem anat a la r\u00e0dio a fer un programa molt animal!<br \/>\nUn passem l&#8217;enlla\u00e7 del SITES i us convidem a veure el programa i a fer un cop d&#8217;ull a totes les&hellip;  <a href=\"https:\/\/agora.xtec.cat\/esc-santjordi-svmontalt\/general\/anem-a-la-radio\/\" title=\"Read ANEM A LA R\u00c0DIO!\">Llegeix m\u00e9s\u00bb<\/a><\/p>\n","protected":false},"author":1,"featured_media":12847,"comment_status":"open","ping_status":"closed","sticky":false,"template":"","format":"standard","meta":{"_bbp_topic_count":0,"_bbp_reply_count":0,"_bbp_total_topic_count":0,"_bbp_total_reply_count":0,"_bbp_voice_count":0,"_bbp_anonymous_reply_count":0,"_bbp_topic_count_hidden":0,"_bbp_reply_count_hidden":0,"_bbp_forum_subforum_count":0,"footnotes":""},"categories":[1,166],"tags":[],"class_list":["post-12846","post","type-post","status-publish","format-standard","has-post-thumbnail","hentry","category-general","category-portada"],"post_mailing_queue_ids":[],"_links":{"self":[{"href":"https:\/\/agora.xtec.cat\/esc-santjordi-svmontalt\/wp-json\/wp\/v2\/posts\/12846","targetHints":{"allow":["GET"]}}],"collection":[{"href":"https:\/\/agora.xtec.cat\/esc-santjordi-svmontalt\/wp-json\/wp\/v2\/posts"}],"about":[{"href":"https:\/\/agora.xtec.cat\/esc-santjordi-svmontalt\/wp-json\/wp\/v2\/types\/post"}],"author":[{"embeddable":true,"href":"https:\/\/agora.xtec.cat\/esc-santjordi-svmontalt\/wp-json\/wp\/v2\/users\/1"}],"replies":[{"embeddable":true,"href":"https:\/\/agora.xtec.cat\/esc-santjordi-svmontalt\/wp-json\/wp\/v2\/comments?post=12846"}],"version-history":[{"count":1,"href":"https:\/\/agora.xtec.cat\/esc-santjordi-svmontalt\/wp-json\/wp\/v2\/posts\/12846\/revisions"}],"predecessor-version":[{"id":12848,"href":"https:\/\/agora.xtec.cat\/esc-santjordi-svmontalt\/wp-json\/wp\/v2\/posts\/12846\/revisions\/12848"}],"wp:featuredmedia":[{"embeddable":true,"href":"https:\/\/agora.xtec.cat\/esc-santjordi-svmontalt\/wp-json\/wp\/v2\/media\/12847"}],"wp:attachment":[{"href":"https:\/\/agora.xtec.cat\/esc-santjordi-svmontalt\/wp-json\/wp\/v2\/media?parent=12846"}],"wp:term":[{"taxonomy":"category","embeddable":true,"href":"https:\/\/agora.xtec.cat\/esc-santjordi-svmontalt\/wp-json\/wp\/v2\/categories?post=12846"},{"taxonomy":"post_tag","embeddable":true,"href":"https:\/\/agora.xtec.cat\/esc-santjordi-svmontalt\/wp-json\/wp\/v2\/tags?post=12846"}],"curies":[{"name":"wp","href":"https:\/\/api.w.org\/{rel}","templated":true}]}}