{"id":12732,"date":"2025-05-19T10:24:27","date_gmt":"2025-05-19T08:24:27","guid":{"rendered":"https:\/\/agora.xtec.cat\/esc-santjordi-svmontalt\/?p=12732"},"modified":"2025-08-31T17:49:58","modified_gmt":"2025-08-31T15:49:58","slug":"igualtat-de-genere","status":"publish","type":"post","link":"https:\/\/agora.xtec.cat\/esc-santjordi-svmontalt\/general\/igualtat-de-genere\/","title":{"rendered":"Igualtat de g\u00e8nere"},"content":{"rendered":"<p>L&#8217;alumnat de 2n i 3r a les hores d&#8217;ACC (activitats c\u00edviques i culturals) hem estat treballant la igualtat d&#8217;oportunitats entre nens i nenes, la igualtat de g\u00e8nere; la llibertat per escollir joguines, colors, esports, roba&#8230;; el respecte, l&#8217;empatia i els drets humans que tenim com a persones.<\/p>\n<p>Amb totes aquestes reflexions va sorgir la idea de fer una can\u00e7\u00f3. Dit i fet! Vam posar fil a l&#8217;agulla i en petits grups vam anar creant la lletra. Cal destacar que cada una de les frases han estat elaborades pels infants. Aqu\u00ed us deixem el videoclip.<\/p>\n<p><iframe loading=\"lazy\" title=\"YouTube video player\" src=\"https:\/\/www.youtube.com\/embed\/lmkINjsgeOk?si=NCOyZdFdu3rPxoRi\" width=\"560\" height=\"315\" frameborder=\"0\" allowfullscreen=\"allowfullscreen\"><\/iframe><\/p>\n<p>Clicant al cartell teniu la lletra. A CANTAR I BALLAR!!<\/p>\n<p><a href=\"https:\/\/drive.google.com\/file\/d\/1oB41qr70YQZCGS3qQu-sY9207aHTakhK\/view?usp=sharing\" target=\"_blank\" rel=\"noopener\"><img loading=\"lazy\" decoding=\"async\" class=\"https:\/\/drive.google.com\/file\/d\/1oB41qr70YQZCGS3qQu-sY9207aHTakhK\/view?usp=sharing alignnone wp-image-12733\" src=\"https:\/\/agora.xtec.cat\/esc-santjordi-svmontalt\/wp-content\/uploads\/usu1728\/2025\/02\/Blue-Pink-Minimalist-Gender-Equality-Campaign-Instagram-Story-576x1024.jpg\" alt=\"\" width=\"161\" height=\"286\" srcset=\"https:\/\/agora.xtec.cat\/esc-santjordi-svmontalt\/wp-content\/uploads\/usu1728\/2025\/02\/Blue-Pink-Minimalist-Gender-Equality-Campaign-Instagram-Story-576x1024.jpg 576w, https:\/\/agora.xtec.cat\/esc-santjordi-svmontalt\/wp-content\/uploads\/usu1728\/2025\/02\/Blue-Pink-Minimalist-Gender-Equality-Campaign-Instagram-Story-169x300.jpg 169w, https:\/\/agora.xtec.cat\/esc-santjordi-svmontalt\/wp-content\/uploads\/usu1728\/2025\/02\/Blue-Pink-Minimalist-Gender-Equality-Campaign-Instagram-Story-768x1365.jpg 768w, https:\/\/agora.xtec.cat\/esc-santjordi-svmontalt\/wp-content\/uploads\/usu1728\/2025\/02\/Blue-Pink-Minimalist-Gender-Equality-Campaign-Instagram-Story-864x1536.jpg 864w, https:\/\/agora.xtec.cat\/esc-santjordi-svmontalt\/wp-content\/uploads\/usu1728\/2025\/02\/Blue-Pink-Minimalist-Gender-Equality-Campaign-Instagram-Story.jpg 1080w\" sizes=\"auto, (max-width: 161px) 100vw, 161px\" \/><\/a><\/p>\n<p>&nbsp;<\/p>\n","protected":false},"excerpt":{"rendered":"<p>L&#8217;alumnat de 2n i 3r a les hores d&#8217;ACC (activitats c\u00edviques i culturals) hem estat treballant la igualtat d&#8217;oportunitats entre nens i nenes, la igualtat de g\u00e8nere; la llibertat per escollir joguines, colors, esports, roba&#8230;; el respecte, l&#8217;empatia i els drets humans que tenim com&hellip;  <a href=\"https:\/\/agora.xtec.cat\/esc-santjordi-svmontalt\/general\/igualtat-de-genere\/\" title=\"Read Igualtat de g\u00e8nere\">Llegeix m\u00e9s\u00bb<\/a><\/p>\n","protected":false},"author":15,"featured_media":0,"comment_status":"open","ping_status":"closed","sticky":false,"template":"","format":"standard","meta":{"_bbp_topic_count":0,"_bbp_reply_count":0,"_bbp_total_topic_count":0,"_bbp_total_reply_count":0,"_bbp_voice_count":0,"_bbp_anonymous_reply_count":0,"_bbp_topic_count_hidden":0,"_bbp_reply_count_hidden":0,"_bbp_forum_subforum_count":0,"footnotes":""},"categories":[1,166],"tags":[],"class_list":["post-12732","post","type-post","status-publish","format-standard","hentry","category-general","category-portada"],"post_mailing_queue_ids":[],"_links":{"self":[{"href":"https:\/\/agora.xtec.cat\/esc-santjordi-svmontalt\/wp-json\/wp\/v2\/posts\/12732","targetHints":{"allow":["GET"]}}],"collection":[{"href":"https:\/\/agora.xtec.cat\/esc-santjordi-svmontalt\/wp-json\/wp\/v2\/posts"}],"about":[{"href":"https:\/\/agora.xtec.cat\/esc-santjordi-svmontalt\/wp-json\/wp\/v2\/types\/post"}],"author":[{"embeddable":true,"href":"https:\/\/agora.xtec.cat\/esc-santjordi-svmontalt\/wp-json\/wp\/v2\/users\/15"}],"replies":[{"embeddable":true,"href":"https:\/\/agora.xtec.cat\/esc-santjordi-svmontalt\/wp-json\/wp\/v2\/comments?post=12732"}],"version-history":[{"count":6,"href":"https:\/\/agora.xtec.cat\/esc-santjordi-svmontalt\/wp-json\/wp\/v2\/posts\/12732\/revisions"}],"predecessor-version":[{"id":12942,"href":"https:\/\/agora.xtec.cat\/esc-santjordi-svmontalt\/wp-json\/wp\/v2\/posts\/12732\/revisions\/12942"}],"wp:attachment":[{"href":"https:\/\/agora.xtec.cat\/esc-santjordi-svmontalt\/wp-json\/wp\/v2\/media?parent=12732"}],"wp:term":[{"taxonomy":"category","embeddable":true,"href":"https:\/\/agora.xtec.cat\/esc-santjordi-svmontalt\/wp-json\/wp\/v2\/categories?post=12732"},{"taxonomy":"post_tag","embeddable":true,"href":"https:\/\/agora.xtec.cat\/esc-santjordi-svmontalt\/wp-json\/wp\/v2\/tags?post=12732"}],"curies":[{"name":"wp","href":"https:\/\/api.w.org\/{rel}","templated":true}]}}