{"id":12647,"date":"2024-12-20T13:20:25","date_gmt":"2024-12-20T12:20:25","guid":{"rendered":"https:\/\/agora.xtec.cat\/esc-santjordi-svmontalt\/?p=12647"},"modified":"2024-12-20T13:23:15","modified_gmt":"2024-12-20T12:23:15","slug":"bones-vacances-i-bon-nadal","status":"publish","type":"post","link":"https:\/\/agora.xtec.cat\/esc-santjordi-svmontalt\/general\/bones-vacances-i-bon-nadal\/","title":{"rendered":"BONES VACANCES I BON NADAL!"},"content":{"rendered":"<p>Hola a tothom!<\/p>\n<p>A l&#8217;escola aquests dies hem fet un munt d&#8217;activitats relacionades amb les festivitats d&#8217;hivern i de Nadal.<\/p>\n<p>El dimarts, 17 de desembre, l&#8217;alumnat del SEP d&#8217;enriquiment de 4t va anar a la R\u00c0DIO a llegir el conte que ells i elles havien preparat, una experi\u00e8ncia molt especial \ud83d\ude0d<\/p>\n<p>Ahir mateix, dijous, 19 de desembre, vam fer el CONCERT DE NADAL \ud83e\udd29\ud83e\udd29\ud83e\udd29 i va anar fant\u00e0stic!<\/p>\n<p>Avui, \u00faltim dia d&#8217;escola, hem continuat fent un munt d&#8217;activitats&#8230;l&#8217;alumnat d&#8217;enriquiment de 3r cicle ha fet una OBRA de teatre per l&#8217;alumnat de 1r cicle, l&#8217;alumnat m\u00e9s petit de l&#8217;escola, els d&#8217;infantil 3, infantil 4 i infantil 5, han CAGAT EL TI\u00d3, a prim\u00e0ria tamb\u00e9 hi ha hagut REGALETS i s&#8217;ha fet l&#8217;AMIC\/AMIGA INVISIBLE!<\/p>\n<p>I a totes les aules s&#8217;ha fet un pica-pica per acomiadar plegats\/des aquest trimestre i desitjar-nos una bona entrada d&#8217;any \u2764\ufe0f<\/p>\n<h2 style=\"text-align: center;\">Fam\u00edlies, alumnat, molt bones festes i ens retrobem al gener!<\/h2>\n<p>&nbsp;<\/p>\n<p><a href=\"https:\/\/www.youtube.com\/watch?v=fW0_le6rjmk\"><img loading=\"lazy\" decoding=\"async\" class=\"aligncenter size-medium wp-image-12648\" src=\"https:\/\/agora.xtec.cat\/esc-santjordi-svmontalt\/wp-content\/uploads\/usu1728\/2024\/12\/obra-300x188.jpg\" alt=\"\" width=\"300\" height=\"188\" srcset=\"https:\/\/agora.xtec.cat\/esc-santjordi-svmontalt\/wp-content\/uploads\/usu1728\/2024\/12\/obra-300x188.jpg 300w, https:\/\/agora.xtec.cat\/esc-santjordi-svmontalt\/wp-content\/uploads\/usu1728\/2024\/12\/obra-1024x640.jpg 1024w, https:\/\/agora.xtec.cat\/esc-santjordi-svmontalt\/wp-content\/uploads\/usu1728\/2024\/12\/obra-768x480.jpg 768w, https:\/\/agora.xtec.cat\/esc-santjordi-svmontalt\/wp-content\/uploads\/usu1728\/2024\/12\/obra.jpg 1212w\" sizes=\"auto, (max-width: 300px) 100vw, 300px\" \/><\/a><\/p>\n<p>&nbsp;<\/p>\n<p><a href=\"https:\/\/www.youtube.com\/watch?v=b7ywj4sPSug\"><img loading=\"lazy\" decoding=\"async\" class=\"aligncenter size-medium wp-image-12649\" src=\"https:\/\/agora.xtec.cat\/esc-santjordi-svmontalt\/wp-content\/uploads\/usu1728\/2024\/12\/radio-300x165.jpg\" alt=\"\" width=\"300\" height=\"165\" srcset=\"https:\/\/agora.xtec.cat\/esc-santjordi-svmontalt\/wp-content\/uploads\/usu1728\/2024\/12\/radio-300x165.jpg 300w, https:\/\/agora.xtec.cat\/esc-santjordi-svmontalt\/wp-content\/uploads\/usu1728\/2024\/12\/radio.jpg 485w\" sizes=\"auto, (max-width: 300px) 100vw, 300px\" \/><\/a><\/p>\n<p>&nbsp;<\/p>\n<p>&nbsp;<\/p>\n<p>&nbsp;<\/p>\n","protected":false},"excerpt":{"rendered":"<p>Hola a tothom!<br \/>\nA l&#8217;escola aquests dies hem fet un munt d&#8217;activitats relacionades amb les festivitats d&#8217;hivern i de Nadal.<br \/>\nEl dimarts, 17 de desembre, l&#8217;alumnat del SEP d&#8217;enriquiment de 4t va anar a la R\u00c0DIO a llegir el conte que ells i elles havien preparat, una&hellip;  <a href=\"https:\/\/agora.xtec.cat\/esc-santjordi-svmontalt\/general\/bones-vacances-i-bon-nadal\/\" title=\"Read BONES VACANCES I BON NADAL!\">Llegeix m\u00e9s\u00bb<\/a><\/p>\n","protected":false},"author":1,"featured_media":0,"comment_status":"open","ping_status":"closed","sticky":false,"template":"","format":"standard","meta":{"_bbp_topic_count":0,"_bbp_reply_count":0,"_bbp_total_topic_count":0,"_bbp_total_reply_count":0,"_bbp_voice_count":0,"_bbp_anonymous_reply_count":0,"_bbp_topic_count_hidden":0,"_bbp_reply_count_hidden":0,"_bbp_forum_subforum_count":0,"footnotes":""},"categories":[1,166],"tags":[],"class_list":["post-12647","post","type-post","status-publish","format-standard","hentry","category-general","category-portada"],"post_mailing_queue_ids":[],"_links":{"self":[{"href":"https:\/\/agora.xtec.cat\/esc-santjordi-svmontalt\/wp-json\/wp\/v2\/posts\/12647","targetHints":{"allow":["GET"]}}],"collection":[{"href":"https:\/\/agora.xtec.cat\/esc-santjordi-svmontalt\/wp-json\/wp\/v2\/posts"}],"about":[{"href":"https:\/\/agora.xtec.cat\/esc-santjordi-svmontalt\/wp-json\/wp\/v2\/types\/post"}],"author":[{"embeddable":true,"href":"https:\/\/agora.xtec.cat\/esc-santjordi-svmontalt\/wp-json\/wp\/v2\/users\/1"}],"replies":[{"embeddable":true,"href":"https:\/\/agora.xtec.cat\/esc-santjordi-svmontalt\/wp-json\/wp\/v2\/comments?post=12647"}],"version-history":[{"count":1,"href":"https:\/\/agora.xtec.cat\/esc-santjordi-svmontalt\/wp-json\/wp\/v2\/posts\/12647\/revisions"}],"predecessor-version":[{"id":12650,"href":"https:\/\/agora.xtec.cat\/esc-santjordi-svmontalt\/wp-json\/wp\/v2\/posts\/12647\/revisions\/12650"}],"wp:attachment":[{"href":"https:\/\/agora.xtec.cat\/esc-santjordi-svmontalt\/wp-json\/wp\/v2\/media?parent=12647"}],"wp:term":[{"taxonomy":"category","embeddable":true,"href":"https:\/\/agora.xtec.cat\/esc-santjordi-svmontalt\/wp-json\/wp\/v2\/categories?post=12647"},{"taxonomy":"post_tag","embeddable":true,"href":"https:\/\/agora.xtec.cat\/esc-santjordi-svmontalt\/wp-json\/wp\/v2\/tags?post=12647"}],"curies":[{"name":"wp","href":"https:\/\/api.w.org\/{rel}","templated":true}]}}