{"id":12565,"date":"2024-11-25T15:29:33","date_gmt":"2024-11-25T14:29:33","guid":{"rendered":"https:\/\/agora.xtec.cat\/esc-santjordi-svmontalt\/?p=12565"},"modified":"2024-11-25T15:30:06","modified_gmt":"2024-11-25T14:30:06","slug":"santa-cecilia","status":"publish","type":"post","link":"https:\/\/agora.xtec.cat\/esc-santjordi-svmontalt\/general\/santa-cecilia\/","title":{"rendered":"SANTA CEC\u00cdLIA"},"content":{"rendered":"<h6>El passat divendres 22 de novembre vam celebrar SANTA CEC\u00cdLIA a l&#8217;escola, patrona de la m\u00fasica.<\/h6>\n<p>&nbsp;<\/p>\n<p><img loading=\"lazy\" decoding=\"async\" class=\"aligncenter size-medium wp-image-12566\" src=\"https:\/\/agora.xtec.cat\/esc-santjordi-svmontalt\/wp-content\/uploads\/usu1728\/2024\/11\/santa-ceci-lia-e-s-la-patrona-dels-mu-sics-300x200.jpeg\" alt=\"\" width=\"300\" height=\"200\" srcset=\"https:\/\/agora.xtec.cat\/esc-santjordi-svmontalt\/wp-content\/uploads\/usu1728\/2024\/11\/santa-ceci-lia-e-s-la-patrona-dels-mu-sics-300x200.jpeg 300w, https:\/\/agora.xtec.cat\/esc-santjordi-svmontalt\/wp-content\/uploads\/usu1728\/2024\/11\/santa-ceci-lia-e-s-la-patrona-dels-mu-sics-768x512.jpeg 768w, https:\/\/agora.xtec.cat\/esc-santjordi-svmontalt\/wp-content\/uploads\/usu1728\/2024\/11\/santa-ceci-lia-e-s-la-patrona-dels-mu-sics.jpeg 1023w\" sizes=\"auto, (max-width: 300px) 100vw, 300px\" \/><\/p>\n<p>&nbsp;<\/p>\n<p>I per celebrar-ho vam realitzar diverses audicions, que va poder gaudir tot l&#8217;alumnat del centre, des de I3 fins a 6\u00e8.<\/p>\n<p>Aquesta activitat es tracta d&#8217;una iniciativa que hem engegat aquest curs, una oportunitat m\u00e9s per a obrir l&#8217;escola a les fam\u00edlies.<\/p>\n<p>Per part de l&#8217;escola, mestres i alumnat, us volem dir que ens ha encantat poder gaudir de les actuacions en directe, aix\u00ed que l&#8217;any que ve repetirem segur!<\/p>\n<p>Moltes gr\u00e0cies a les fam\u00edlies que heu participat, sense vosaltres aix\u00f2 no hauria estat possible.<\/p>\n<p><a href=\"https:\/\/drive.google.com\/drive\/folders\/1-LFIKGe6OTIlP6gN-0LCEK1Z6xUIoSbS?usp=sharing\">Enlla\u00e7 per accedir als V\u00cdDEOS de les audicions<\/a>.<\/p>\n<h2 style=\"text-align: center;\">VISCA LA M\u00daSICA!<\/h2>\n","protected":false},"excerpt":{"rendered":"<p>El passat divendres 22 de novembre vam celebrar SANTA CEC\u00cdLIA a l&#8217;escola, patrona de la m\u00fasica.<br \/>\n&nbsp;<\/p>\n<p>&nbsp;<br \/>\nI per celebrar-ho vam realitzar diverses audicions, que va poder gaudir tot l&#8217;alumnat del centre, des de I3 fins a 6\u00e8.<br \/>\nAquesta activitat es tracta d&#8217;una iniciativa que hem engegat aquest&hellip;  <a href=\"https:\/\/agora.xtec.cat\/esc-santjordi-svmontalt\/general\/santa-cecilia\/\" title=\"Read SANTA CEC\u00cdLIA\">Llegeix m\u00e9s\u00bb<\/a><\/p>\n","protected":false},"author":1,"featured_media":12566,"comment_status":"open","ping_status":"closed","sticky":false,"template":"","format":"standard","meta":{"_bbp_topic_count":0,"_bbp_reply_count":0,"_bbp_total_topic_count":0,"_bbp_total_reply_count":0,"_bbp_voice_count":0,"_bbp_anonymous_reply_count":0,"_bbp_topic_count_hidden":0,"_bbp_reply_count_hidden":0,"_bbp_forum_subforum_count":0,"footnotes":""},"categories":[1,166],"tags":[285,286,279,159],"class_list":["post-12565","post","type-post","status-publish","format-standard","has-post-thumbnail","hentry","category-general","category-portada","tag-audicions","tag-celebracions","tag-families","tag-musica"],"post_mailing_queue_ids":[],"_links":{"self":[{"href":"https:\/\/agora.xtec.cat\/esc-santjordi-svmontalt\/wp-json\/wp\/v2\/posts\/12565","targetHints":{"allow":["GET"]}}],"collection":[{"href":"https:\/\/agora.xtec.cat\/esc-santjordi-svmontalt\/wp-json\/wp\/v2\/posts"}],"about":[{"href":"https:\/\/agora.xtec.cat\/esc-santjordi-svmontalt\/wp-json\/wp\/v2\/types\/post"}],"author":[{"embeddable":true,"href":"https:\/\/agora.xtec.cat\/esc-santjordi-svmontalt\/wp-json\/wp\/v2\/users\/1"}],"replies":[{"embeddable":true,"href":"https:\/\/agora.xtec.cat\/esc-santjordi-svmontalt\/wp-json\/wp\/v2\/comments?post=12565"}],"version-history":[{"count":2,"href":"https:\/\/agora.xtec.cat\/esc-santjordi-svmontalt\/wp-json\/wp\/v2\/posts\/12565\/revisions"}],"predecessor-version":[{"id":12568,"href":"https:\/\/agora.xtec.cat\/esc-santjordi-svmontalt\/wp-json\/wp\/v2\/posts\/12565\/revisions\/12568"}],"wp:featuredmedia":[{"embeddable":true,"href":"https:\/\/agora.xtec.cat\/esc-santjordi-svmontalt\/wp-json\/wp\/v2\/media\/12566"}],"wp:attachment":[{"href":"https:\/\/agora.xtec.cat\/esc-santjordi-svmontalt\/wp-json\/wp\/v2\/media?parent=12565"}],"wp:term":[{"taxonomy":"category","embeddable":true,"href":"https:\/\/agora.xtec.cat\/esc-santjordi-svmontalt\/wp-json\/wp\/v2\/categories?post=12565"},{"taxonomy":"post_tag","embeddable":true,"href":"https:\/\/agora.xtec.cat\/esc-santjordi-svmontalt\/wp-json\/wp\/v2\/tags?post=12565"}],"curies":[{"name":"wp","href":"https:\/\/api.w.org\/{rel}","templated":true}]}}