{"id":12562,"date":"2024-11-25T09:09:33","date_gmt":"2024-11-25T08:09:33","guid":{"rendered":"https:\/\/agora.xtec.cat\/esc-santjordi-svmontalt\/?p=12562"},"modified":"2024-11-25T09:10:13","modified_gmt":"2024-11-25T08:10:13","slug":"activitats-de-nadal-3","status":"publish","type":"post","link":"https:\/\/agora.xtec.cat\/esc-santjordi-svmontalt\/general\/activitats-de-nadal-3\/","title":{"rendered":"ACTIVITATS DE NADAL"},"content":{"rendered":"<p>Benvolgudes fam\u00edlies,<\/p>\n<p>A l&#8217;escola ja estem preparant el Nadal, a continuaci\u00f3 us informem de dates que poden ser del vostre inter\u00e8s:<\/p>\n<p><strong>&#8211;\u00a0<\/strong><strong>Dimecres, 11 de desembre al mat\u00ed:<\/strong><strong>\u00a0<\/strong>l&#8217;alumnat de l&#8217;escola far\u00e0 l&#8217;assaig general al centre c\u00edvic. Ser\u00e0 el moment en qu\u00e8 tots els nens i nenes mostraran als seus companys i companyes la can\u00e7\u00f3 que han estat preparant.<\/p>\n<p><span style=\"color: #000000;\">\u00a0<\/span><strong><span style=\"color: #ff9900;\">&#8211;\u00a0Dijous, 12 de desembre al mat\u00ed:<\/span><\/strong><span style=\"color: #000000;\">\u00a0l<\/span><span style=\"color: #000000;\">&#8216;alumnat de 2n i 5\u00e8 baixar\u00e0 a la resid\u00e8ncia d&#8217;avis &#8220;Vora Bal\u00eds&#8221; per fer un petit concert als residents.<\/span><\/p>\n<p><strong><span style=\"color: #ff00ff;\">\u00a0&#8211;\u00a0Dimarts, 17 de desembre al mat\u00ed:<\/span><\/strong>\u00a0l<span style=\"color: #000000;\">&#8216;alumnat d&#8217;I5 anir\u00e0 a cantar a l&#8217;escola bressol &#8220;Els Garrofers&#8221;.\u00a0<\/span><\/p>\n<p><span style=\"color: #000000;\">\u00a0<\/span><strong><span style=\"color: #ff0000;\">&#8211;\u00a0Dijous, 19 de desembre per la tarda (15.15h):<\/span><\/strong><span style=\"color: #000000;\">\u00a0<b><u>CONCERT DE NADAL<\/u><\/b><\/span>\u00a0per a les fam\u00edlies. Esteu tots convidats i convidades al centre c\u00edvic per veure les actuacions de tot l&#8217;alumnat.<\/p>\n<p>\u00b7 TVMatar\u00f3\u00a0ens\u00a0ha comunicat que aquest no es dur\u00e0 a terme la cantada de nadales com es feia cada any. Esperem que l&#8217;any que ve es torni a organitzar aquesta activitat.<\/p>\n<p>M\u00e9s endavant rebreu un correu amb la roba que ha de portar l&#8217;alumnat pel dia de l&#8217;assaig general i pel concert.<\/p>\n<p><img loading=\"lazy\" decoding=\"async\" class=\"aligncenter size-large wp-image-12563\" src=\"https:\/\/agora.xtec.cat\/esc-santjordi-svmontalt\/wp-content\/uploads\/usu1728\/2024\/11\/Activitats-de-Nadal-724x1024.png\" alt=\"\" width=\"724\" height=\"1024\" srcset=\"https:\/\/agora.xtec.cat\/esc-santjordi-svmontalt\/wp-content\/uploads\/usu1728\/2024\/11\/Activitats-de-Nadal-724x1024.png 724w, https:\/\/agora.xtec.cat\/esc-santjordi-svmontalt\/wp-content\/uploads\/usu1728\/2024\/11\/Activitats-de-Nadal-212x300.png 212w, https:\/\/agora.xtec.cat\/esc-santjordi-svmontalt\/wp-content\/uploads\/usu1728\/2024\/11\/Activitats-de-Nadal-768x1086.png 768w, https:\/\/agora.xtec.cat\/esc-santjordi-svmontalt\/wp-content\/uploads\/usu1728\/2024\/11\/Activitats-de-Nadal-1086x1536.png 1086w, https:\/\/agora.xtec.cat\/esc-santjordi-svmontalt\/wp-content\/uploads\/usu1728\/2024\/11\/Activitats-de-Nadal-1448x2048.png 1448w, https:\/\/agora.xtec.cat\/esc-santjordi-svmontalt\/wp-content\/uploads\/usu1728\/2024\/11\/Activitats-de-Nadal.png 1587w\" sizes=\"auto, (max-width: 724px) 100vw, 724px\" \/><\/p>\n","protected":false},"excerpt":{"rendered":"<p>Benvolgudes fam\u00edlies,<br \/>\nA l&#8217;escola ja estem preparant el Nadal, a continuaci\u00f3 us informem de dates que poden ser del vostre inter\u00e8s:<br \/>\n&#8211;\u00a0Dimecres, 11 de desembre al mat\u00ed:\u00a0l&#8217;alumnat de l&#8217;escola far\u00e0 l&#8217;assaig general al centre c\u00edvic. Ser\u00e0 el moment en qu\u00e8 tots els nens i nenes mostraran als&hellip;  <a href=\"https:\/\/agora.xtec.cat\/esc-santjordi-svmontalt\/general\/activitats-de-nadal-3\/\" title=\"Read ACTIVITATS DE NADAL\">Llegeix m\u00e9s\u00bb<\/a><\/p>\n","protected":false},"author":1,"featured_media":12563,"comment_status":"open","ping_status":"closed","sticky":false,"template":"","format":"standard","meta":{"_bbp_topic_count":0,"_bbp_reply_count":0,"_bbp_total_topic_count":0,"_bbp_total_reply_count":0,"_bbp_voice_count":0,"_bbp_anonymous_reply_count":0,"_bbp_topic_count_hidden":0,"_bbp_reply_count_hidden":0,"_bbp_forum_subforum_count":0,"footnotes":""},"categories":[1,166],"tags":[],"class_list":["post-12562","post","type-post","status-publish","format-standard","has-post-thumbnail","hentry","category-general","category-portada"],"post_mailing_queue_ids":[],"_links":{"self":[{"href":"https:\/\/agora.xtec.cat\/esc-santjordi-svmontalt\/wp-json\/wp\/v2\/posts\/12562","targetHints":{"allow":["GET"]}}],"collection":[{"href":"https:\/\/agora.xtec.cat\/esc-santjordi-svmontalt\/wp-json\/wp\/v2\/posts"}],"about":[{"href":"https:\/\/agora.xtec.cat\/esc-santjordi-svmontalt\/wp-json\/wp\/v2\/types\/post"}],"author":[{"embeddable":true,"href":"https:\/\/agora.xtec.cat\/esc-santjordi-svmontalt\/wp-json\/wp\/v2\/users\/1"}],"replies":[{"embeddable":true,"href":"https:\/\/agora.xtec.cat\/esc-santjordi-svmontalt\/wp-json\/wp\/v2\/comments?post=12562"}],"version-history":[{"count":1,"href":"https:\/\/agora.xtec.cat\/esc-santjordi-svmontalt\/wp-json\/wp\/v2\/posts\/12562\/revisions"}],"predecessor-version":[{"id":12564,"href":"https:\/\/agora.xtec.cat\/esc-santjordi-svmontalt\/wp-json\/wp\/v2\/posts\/12562\/revisions\/12564"}],"wp:featuredmedia":[{"embeddable":true,"href":"https:\/\/agora.xtec.cat\/esc-santjordi-svmontalt\/wp-json\/wp\/v2\/media\/12563"}],"wp:attachment":[{"href":"https:\/\/agora.xtec.cat\/esc-santjordi-svmontalt\/wp-json\/wp\/v2\/media?parent=12562"}],"wp:term":[{"taxonomy":"category","embeddable":true,"href":"https:\/\/agora.xtec.cat\/esc-santjordi-svmontalt\/wp-json\/wp\/v2\/categories?post=12562"},{"taxonomy":"post_tag","embeddable":true,"href":"https:\/\/agora.xtec.cat\/esc-santjordi-svmontalt\/wp-json\/wp\/v2\/tags?post=12562"}],"curies":[{"name":"wp","href":"https:\/\/api.w.org\/{rel}","templated":true}]}}