{"id":12548,"date":"2024-11-21T15:26:32","date_gmt":"2024-11-21T14:26:32","guid":{"rendered":"https:\/\/agora.xtec.cat\/esc-santjordi-svmontalt\/?p=12548"},"modified":"2025-08-31T17:51:19","modified_gmt":"2025-08-31T15:51:19","slug":"setmana-de-la-ciencia-2024","status":"publish","type":"post","link":"https:\/\/agora.xtec.cat\/esc-santjordi-svmontalt\/general\/setmana-de-la-ciencia-2024\/","title":{"rendered":"SETMANA DE LA CI\u00c8NCIA 2024!"},"content":{"rendered":"<p>La setmana passa vam celebrar la Setmana de la Ci\u00e8ncia l&#8217;escola, i per aquest motiu vam realitzant un munt de tallers, a tots els nivells.<\/p>\n<p><img loading=\"lazy\" decoding=\"async\" class=\"aligncenter size-full wp-image-12551\" src=\"https:\/\/agora.xtec.cat\/esc-santjordi-svmontalt\/wp-content\/uploads\/usu1728\/2024\/11\/set-ciencia-1.png\" alt=\"\" width=\"450\" height=\"450\" srcset=\"https:\/\/agora.xtec.cat\/esc-santjordi-svmontalt\/wp-content\/uploads\/usu1728\/2024\/11\/set-ciencia-1.png 450w, https:\/\/agora.xtec.cat\/esc-santjordi-svmontalt\/wp-content\/uploads\/usu1728\/2024\/11\/set-ciencia-1-300x300.png 300w, https:\/\/agora.xtec.cat\/esc-santjordi-svmontalt\/wp-content\/uploads\/usu1728\/2024\/11\/set-ciencia-1-150x150.png 150w\" sizes=\"auto, (max-width: 450px) 100vw, 450px\" \/><\/p>\n<p>&nbsp;<\/p>\n<p>Per a nosaltres ha estat una setmana molt intensa, on tot l&#8217;alumnat ha pogut gaudir de l&#8217;observaci\u00f3, l&#8217;experimentaci\u00f3, la creaci\u00f3 i la comprovaci\u00f3 de diferents experiments cient\u00edfics.<\/p>\n<p>Volem sobretot agrair a totes les fam\u00edlies que hi han pogut participar, donant-nos la seva ajuda durant la realitzaci\u00f3 dels tallers, la vostra col\u00b7laboraci\u00f3 \u00e9s imprescindible per a poder dur a terme aquest tipus d&#8217;organitzaci\u00f3 i activitats. MOLTES GR\u00c0CIES!<\/p>\n<p>A continuaci\u00f3 us deixem els diferents enlla\u00e7os, per cicles, del recull de fotografies\/v\u00eddeos que vam poder fer al llarg de les jornades:<\/p>\n<p style=\"text-align: center;\"><a href=\"https:\/\/drive.google.com\/drive\/folders\/1F-obPV_yTswcmkXdBnaIkvcMBZuiMbcy?usp=sharing\">Enlla\u00e7 tallers Educaci\u00f3 Infantil<\/a><\/p>\n<p style=\"text-align: center;\"><a href=\"https:\/\/drive.google.com\/drive\/folders\/1sIT-RGiqfmed8vU3KZesEdXko_5oSAzb?usp=sharing\">Enlla\u00e7 tallers 1r cicle (1r i 2n de prim\u00e0ria)<\/a><\/p>\n<p style=\"text-align: center;\"><a href=\"https:\/\/drive.google.com\/drive\/folders\/1uimnK1nhuaUmCkbCboaAYbs-vYhYFwqn?usp=sharing\">Enlla\u00e7 tallers 2n cicle (3r i 4t de prim\u00e0ria)<\/a><\/p>\n<p style=\"text-align: center;\"><a href=\"https:\/\/drive.google.com\/drive\/folders\/1fcLLa1P3XUjz5eC8MjDNDrqf0g5AOJcY?usp=sharing\">Enlla\u00e7 tallers 3r cicle (5\u00e8 i 6\u00e8 de prim\u00e0ria)<\/a><\/p>\n<p>&nbsp;<\/p>\n","protected":false},"excerpt":{"rendered":"<p>La setmana passa vam celebrar la Setmana de la Ci\u00e8ncia l&#8217;escola, i per aquest motiu vam realitzant un munt de tallers, a tots els nivells.<\/p>\n<p>&nbsp;<br \/>\nPer a nosaltres ha estat una setmana molt intensa, on tot l&#8217;alumnat ha pogut gaudir de l&#8217;observaci\u00f3, l&#8217;experimentaci\u00f3, la creaci\u00f3 i&hellip;  <a href=\"https:\/\/agora.xtec.cat\/esc-santjordi-svmontalt\/general\/setmana-de-la-ciencia-2024\/\" title=\"Read SETMANA DE LA CI\u00c8NCIA 2024!\">Llegeix m\u00e9s\u00bb<\/a><\/p>\n","protected":false},"author":1,"featured_media":12550,"comment_status":"open","ping_status":"closed","sticky":false,"template":"","format":"standard","meta":{"_bbp_topic_count":0,"_bbp_reply_count":0,"_bbp_total_topic_count":0,"_bbp_total_reply_count":0,"_bbp_voice_count":0,"_bbp_anonymous_reply_count":0,"_bbp_topic_count_hidden":0,"_bbp_reply_count_hidden":0,"_bbp_forum_subforum_count":0,"footnotes":""},"categories":[1,166],"tags":[210,279,278,261],"class_list":["post-12548","post","type-post","status-publish","format-standard","has-post-thumbnail","hentry","category-general","category-portada","tag-experimentacio","tag-families","tag-observacio","tag-setmana-de-la-ciencia"],"post_mailing_queue_ids":[],"_links":{"self":[{"href":"https:\/\/agora.xtec.cat\/esc-santjordi-svmontalt\/wp-json\/wp\/v2\/posts\/12548","targetHints":{"allow":["GET"]}}],"collection":[{"href":"https:\/\/agora.xtec.cat\/esc-santjordi-svmontalt\/wp-json\/wp\/v2\/posts"}],"about":[{"href":"https:\/\/agora.xtec.cat\/esc-santjordi-svmontalt\/wp-json\/wp\/v2\/types\/post"}],"author":[{"embeddable":true,"href":"https:\/\/agora.xtec.cat\/esc-santjordi-svmontalt\/wp-json\/wp\/v2\/users\/1"}],"replies":[{"embeddable":true,"href":"https:\/\/agora.xtec.cat\/esc-santjordi-svmontalt\/wp-json\/wp\/v2\/comments?post=12548"}],"version-history":[{"count":2,"href":"https:\/\/agora.xtec.cat\/esc-santjordi-svmontalt\/wp-json\/wp\/v2\/posts\/12548\/revisions"}],"predecessor-version":[{"id":12552,"href":"https:\/\/agora.xtec.cat\/esc-santjordi-svmontalt\/wp-json\/wp\/v2\/posts\/12548\/revisions\/12552"}],"wp:featuredmedia":[{"embeddable":true,"href":"https:\/\/agora.xtec.cat\/esc-santjordi-svmontalt\/wp-json\/wp\/v2\/media\/12550"}],"wp:attachment":[{"href":"https:\/\/agora.xtec.cat\/esc-santjordi-svmontalt\/wp-json\/wp\/v2\/media?parent=12548"}],"wp:term":[{"taxonomy":"category","embeddable":true,"href":"https:\/\/agora.xtec.cat\/esc-santjordi-svmontalt\/wp-json\/wp\/v2\/categories?post=12548"},{"taxonomy":"post_tag","embeddable":true,"href":"https:\/\/agora.xtec.cat\/esc-santjordi-svmontalt\/wp-json\/wp\/v2\/tags?post=12548"}],"curies":[{"name":"wp","href":"https:\/\/api.w.org\/{rel}","templated":true}]}}