{"id":12472,"date":"2024-10-25T10:31:49","date_gmt":"2024-10-25T08:31:49","guid":{"rendered":"https:\/\/agora.xtec.cat\/esc-santjordi-svmontalt\/?p=12472"},"modified":"2024-10-25T10:31:55","modified_gmt":"2024-10-25T08:31:55","slug":"la-castanyada-4","status":"publish","type":"post","link":"https:\/\/agora.xtec.cat\/esc-santjordi-svmontalt\/general\/la-castanyada-4\/","title":{"rendered":"LA CASTANYADA!"},"content":{"rendered":"<div>El proper dijous, 31 d&#8217;octubre celebrarem la\u00a0castanyada\u00a0a l&#8217;escola.<\/div>\n<div>Els nens i nenes d&#8217;educaci\u00f3 infantil poden venir disfressats\u00a0<b><u>tot el dia<\/u><\/b>\u00a0de castanyers i castanyeres.<\/div>\n<div>Per la tarda, tot l&#8217;alumnat de l&#8217;escola ho celebrar\u00e0 al pati. Es faran fotos i les penjarem aqu\u00ed, al web de l&#8217;escola. Us recordem que aquesta festa nom\u00e9s poden entrar les fam\u00edlies que col\u00b7laboren coent castanyes.<\/div>\n<p><img loading=\"lazy\" decoding=\"async\" class=\"aligncenter wp-image-12473\" src=\"https:\/\/agora.xtec.cat\/esc-santjordi-svmontalt\/wp-content\/uploads\/usu1728\/2024\/10\/CASTANYADA-2024-1024x724.png\" alt=\"\" width=\"779\" height=\"551\" srcset=\"https:\/\/agora.xtec.cat\/esc-santjordi-svmontalt\/wp-content\/uploads\/usu1728\/2024\/10\/CASTANYADA-2024-1024x724.png 1024w, https:\/\/agora.xtec.cat\/esc-santjordi-svmontalt\/wp-content\/uploads\/usu1728\/2024\/10\/CASTANYADA-2024-300x212.png 300w, https:\/\/agora.xtec.cat\/esc-santjordi-svmontalt\/wp-content\/uploads\/usu1728\/2024\/10\/CASTANYADA-2024-768x543.png 768w, https:\/\/agora.xtec.cat\/esc-santjordi-svmontalt\/wp-content\/uploads\/usu1728\/2024\/10\/CASTANYADA-2024-1536x1086.png 1536w, https:\/\/agora.xtec.cat\/esc-santjordi-svmontalt\/wp-content\/uploads\/usu1728\/2024\/10\/CASTANYADA-2024.png 2000w\" sizes=\"auto, (max-width: 779px) 100vw, 779px\" \/><\/p>\n","protected":false},"excerpt":{"rendered":"<p>El proper dijous, 31 d&#8217;octubre celebrarem la\u00a0castanyada\u00a0a l&#8217;escola.<br \/>\nEls nens i nenes d&#8217;educaci\u00f3 infantil poden venir disfressats\u00a0tot el dia\u00a0de castanyers i castanyeres.<br \/>\nPer la tarda, tot l&#8217;alumnat de l&#8217;escola ho celebrar\u00e0 al pati. Es faran fotos i les penjarem aqu\u00ed, al web de l&#8217;escola. Us recordem que&hellip;  <a href=\"https:\/\/agora.xtec.cat\/esc-santjordi-svmontalt\/general\/la-castanyada-4\/\" title=\"Read LA CASTANYADA!\">Llegeix m\u00e9s\u00bb<\/a><\/p>\n","protected":false},"author":1,"featured_media":12473,"comment_status":"open","ping_status":"closed","sticky":false,"template":"","format":"standard","meta":{"_bbp_topic_count":0,"_bbp_reply_count":0,"_bbp_total_topic_count":0,"_bbp_total_reply_count":0,"_bbp_voice_count":0,"_bbp_anonymous_reply_count":0,"_bbp_topic_count_hidden":0,"_bbp_reply_count_hidden":0,"_bbp_forum_subforum_count":0,"footnotes":""},"categories":[1,166],"tags":[],"class_list":["post-12472","post","type-post","status-publish","format-standard","has-post-thumbnail","hentry","category-general","category-portada"],"post_mailing_queue_ids":[],"_links":{"self":[{"href":"https:\/\/agora.xtec.cat\/esc-santjordi-svmontalt\/wp-json\/wp\/v2\/posts\/12472","targetHints":{"allow":["GET"]}}],"collection":[{"href":"https:\/\/agora.xtec.cat\/esc-santjordi-svmontalt\/wp-json\/wp\/v2\/posts"}],"about":[{"href":"https:\/\/agora.xtec.cat\/esc-santjordi-svmontalt\/wp-json\/wp\/v2\/types\/post"}],"author":[{"embeddable":true,"href":"https:\/\/agora.xtec.cat\/esc-santjordi-svmontalt\/wp-json\/wp\/v2\/users\/1"}],"replies":[{"embeddable":true,"href":"https:\/\/agora.xtec.cat\/esc-santjordi-svmontalt\/wp-json\/wp\/v2\/comments?post=12472"}],"version-history":[{"count":1,"href":"https:\/\/agora.xtec.cat\/esc-santjordi-svmontalt\/wp-json\/wp\/v2\/posts\/12472\/revisions"}],"predecessor-version":[{"id":12474,"href":"https:\/\/agora.xtec.cat\/esc-santjordi-svmontalt\/wp-json\/wp\/v2\/posts\/12472\/revisions\/12474"}],"wp:featuredmedia":[{"embeddable":true,"href":"https:\/\/agora.xtec.cat\/esc-santjordi-svmontalt\/wp-json\/wp\/v2\/media\/12473"}],"wp:attachment":[{"href":"https:\/\/agora.xtec.cat\/esc-santjordi-svmontalt\/wp-json\/wp\/v2\/media?parent=12472"}],"wp:term":[{"taxonomy":"category","embeddable":true,"href":"https:\/\/agora.xtec.cat\/esc-santjordi-svmontalt\/wp-json\/wp\/v2\/categories?post=12472"},{"taxonomy":"post_tag","embeddable":true,"href":"https:\/\/agora.xtec.cat\/esc-santjordi-svmontalt\/wp-json\/wp\/v2\/tags?post=12472"}],"curies":[{"name":"wp","href":"https:\/\/api.w.org\/{rel}","templated":true}]}}