{"id":12325,"date":"2024-07-01T15:08:23","date_gmt":"2024-07-01T13:08:23","guid":{"rendered":"https:\/\/agora.xtec.cat\/esc-santjordi-svmontalt\/?p=12325"},"modified":"2024-08-27T13:38:19","modified_gmt":"2024-08-27T11:38:19","slug":"comiat-6e-2","status":"publish","type":"post","link":"https:\/\/agora.xtec.cat\/esc-santjordi-svmontalt\/portada\/comiat-6e-2\/","title":{"rendered":"COMIAT 6\u00e8"},"content":{"rendered":"<p><img loading=\"lazy\" decoding=\"async\" class=\"aligncenter wp-image-12326\" src=\"https:\/\/agora.xtec.cat\/esc-santjordi-svmontalt\/wp-content\/uploads\/usu1728\/2024\/07\/IMG_1320-1024x768.jpg\" alt=\"\" width=\"555\" height=\"416\" srcset=\"https:\/\/agora.xtec.cat\/esc-santjordi-svmontalt\/wp-content\/uploads\/usu1728\/2024\/07\/IMG_1320-1024x768.jpg 1024w, https:\/\/agora.xtec.cat\/esc-santjordi-svmontalt\/wp-content\/uploads\/usu1728\/2024\/07\/IMG_1320-300x225.jpg 300w, https:\/\/agora.xtec.cat\/esc-santjordi-svmontalt\/wp-content\/uploads\/usu1728\/2024\/07\/IMG_1320-768x576.jpg 768w, https:\/\/agora.xtec.cat\/esc-santjordi-svmontalt\/wp-content\/uploads\/usu1728\/2024\/07\/IMG_1320-1536x1152.jpg 1536w, https:\/\/agora.xtec.cat\/esc-santjordi-svmontalt\/wp-content\/uploads\/usu1728\/2024\/07\/IMG_1320-2048x1536.jpg 2048w, https:\/\/agora.xtec.cat\/esc-santjordi-svmontalt\/wp-content\/uploads\/usu1728\/2024\/07\/IMG_1320-200x150.jpg 200w\" sizes=\"auto, (max-width: 555px) 100vw, 555px\" \/><\/p>\n<p>El dia 20 de juny vam acomiadar la promoci\u00f3 que va iniciar I3 el curs 2015-2016. La majoria de l&#8217;alumnat ha passat 9 cursos a l&#8217;escola i es mereixien un bon comiat per part de tota la comunitat educativa. Aprofitant la festa de l&#8217;AFA s&#8217;havia pogut fer un comiat amb el professorat i les fam\u00edlies, per\u00f2 el dia 20 era el torn de tot l&#8217;alumnat i professorat del centre.<\/p>\n<p>Tot i l&#8217;amena\u00e7a de pluja que ens va fer canviar el gui\u00f3 del mat\u00ed, vam poder fer tot el previst.<\/p>\n<ul>\n<li>Primer, la resta d&#8217;alumnat de l&#8217;escola vam rebre els de 6\u00e8 per fer-los el ball que havien estat preparant. Anaven tots de blanc amb una gran m\u00e0 d&#8217;atrezzo decorada especialment per a l&#8217;ocasi\u00f3.<\/li>\n<li>Despr\u00e9s, els nois i nois de 6\u00e8 ens van regalar una espectacular coreografia, amb patinatge, piruetes, esports&#8230;i fins i tot la realitzaci\u00f3 d&#8217;un grafiti en directe.<\/li>\n<li>En acabat, els vam fer entrega de les orles, que com sempre les dona l&#8217;alumnat d&#8217;I5 que far\u00e0 prim\u00e0ria el curs vinent.<\/li>\n<li>I finalment, vam poder ballar tots plegats una estona al pati.<\/li>\n<\/ul>\n<p><a href=\"https:\/\/drive.google.com\/drive\/folders\/1-OEWT2gEFdfdHGIeODcPOF6Frhgv3ATQ?usp=drive_link\" target=\"_blank\" rel=\"noopener\">Clicant aqu\u00ed podeu veure les imatges i v\u00eddeos del comiat.<\/a><\/p>\n<p>Estem conven\u00e7udes que us espera una etapa meravellosa i plena d&#8217;aprenentatges i experi\u00e8ncies a l&#8217;institut.<\/p>\n<h3><strong><span style=\"color: #339966;\">M<\/span><span style=\"color: #3366ff;\">O<\/span><span style=\"color: #ff00ff;\">L<\/span><span style=\"color: #800080;\">T<\/span><span style=\"color: #ff9900;\">A<\/span> <span style=\"color: #666699;\">S<\/span><span style=\"color: #ffcc99;\">O<\/span><span style=\"color: #008080;\">R<\/span><span style=\"color: #ff0000;\">T<\/span>!<span style=\"color: #666699;\">!<\/span><\/strong><\/h3>\n<h4><strong>US TROBAREM A FALTAR!<\/strong><\/h4>\n","protected":false},"excerpt":{"rendered":"<p>El dia 20 de juny vam acomiadar la promoci\u00f3 que va iniciar I3 el curs 2015-2016. La majoria de l&#8217;alumnat ha passat 9 cursos a l&#8217;escola i es mereixien un bon comiat per part de tota la comunitat educativa. Aprofitant la festa de l&#8217;AFA s&#8217;havia&hellip;  <a href=\"https:\/\/agora.xtec.cat\/esc-santjordi-svmontalt\/portada\/comiat-6e-2\/\" title=\"Read COMIAT 6\u00e8\">Llegeix m\u00e9s\u00bb<\/a><\/p>\n","protected":false},"author":1,"featured_media":12326,"comment_status":"open","ping_status":"closed","sticky":false,"template":"","format":"standard","meta":{"_bbp_topic_count":0,"_bbp_reply_count":0,"_bbp_total_topic_count":0,"_bbp_total_reply_count":0,"_bbp_voice_count":0,"_bbp_anonymous_reply_count":0,"_bbp_topic_count_hidden":0,"_bbp_reply_count_hidden":0,"_bbp_forum_subforum_count":0,"footnotes":""},"categories":[166],"tags":[],"class_list":["post-12325","post","type-post","status-publish","format-standard","has-post-thumbnail","hentry","category-portada"],"post_mailing_queue_ids":[],"_links":{"self":[{"href":"https:\/\/agora.xtec.cat\/esc-santjordi-svmontalt\/wp-json\/wp\/v2\/posts\/12325","targetHints":{"allow":["GET"]}}],"collection":[{"href":"https:\/\/agora.xtec.cat\/esc-santjordi-svmontalt\/wp-json\/wp\/v2\/posts"}],"about":[{"href":"https:\/\/agora.xtec.cat\/esc-santjordi-svmontalt\/wp-json\/wp\/v2\/types\/post"}],"author":[{"embeddable":true,"href":"https:\/\/agora.xtec.cat\/esc-santjordi-svmontalt\/wp-json\/wp\/v2\/users\/1"}],"replies":[{"embeddable":true,"href":"https:\/\/agora.xtec.cat\/esc-santjordi-svmontalt\/wp-json\/wp\/v2\/comments?post=12325"}],"version-history":[{"count":4,"href":"https:\/\/agora.xtec.cat\/esc-santjordi-svmontalt\/wp-json\/wp\/v2\/posts\/12325\/revisions"}],"predecessor-version":[{"id":12330,"href":"https:\/\/agora.xtec.cat\/esc-santjordi-svmontalt\/wp-json\/wp\/v2\/posts\/12325\/revisions\/12330"}],"wp:featuredmedia":[{"embeddable":true,"href":"https:\/\/agora.xtec.cat\/esc-santjordi-svmontalt\/wp-json\/wp\/v2\/media\/12326"}],"wp:attachment":[{"href":"https:\/\/agora.xtec.cat\/esc-santjordi-svmontalt\/wp-json\/wp\/v2\/media?parent=12325"}],"wp:term":[{"taxonomy":"category","embeddable":true,"href":"https:\/\/agora.xtec.cat\/esc-santjordi-svmontalt\/wp-json\/wp\/v2\/categories?post=12325"},{"taxonomy":"post_tag","embeddable":true,"href":"https:\/\/agora.xtec.cat\/esc-santjordi-svmontalt\/wp-json\/wp\/v2\/tags?post=12325"}],"curies":[{"name":"wp","href":"https:\/\/api.w.org\/{rel}","templated":true}]}}