{"id":11740,"date":"2023-10-18T13:27:22","date_gmt":"2023-10-18T11:27:22","guid":{"rendered":"https:\/\/agora.xtec.cat\/esc-santjordi-svmontalt\/?p=11740"},"modified":"2023-10-18T13:27:22","modified_gmt":"2023-10-18T11:27:22","slug":"el-mural-de-lescola","status":"publish","type":"post","link":"https:\/\/agora.xtec.cat\/esc-santjordi-svmontalt\/portada\/el-mural-de-lescola\/","title":{"rendered":"EL MURAL DE L&#8217;ESCOLA"},"content":{"rendered":"<p><img loading=\"lazy\" decoding=\"async\" class=\"aligncenter size-large wp-image-11741\" src=\"https:\/\/agora.xtec.cat\/esc-santjordi-svmontalt\/wp-content\/uploads\/usu1728\/2023\/10\/IMG-20230915-WA0005-1024x576.jpg\" alt=\"\" width=\"1024\" height=\"576\" srcset=\"https:\/\/agora.xtec.cat\/esc-santjordi-svmontalt\/wp-content\/uploads\/usu1728\/2023\/10\/IMG-20230915-WA0005-1024x576.jpg 1024w, https:\/\/agora.xtec.cat\/esc-santjordi-svmontalt\/wp-content\/uploads\/usu1728\/2023\/10\/IMG-20230915-WA0005-300x169.jpg 300w, https:\/\/agora.xtec.cat\/esc-santjordi-svmontalt\/wp-content\/uploads\/usu1728\/2023\/10\/IMG-20230915-WA0005-768x432.jpg 768w, https:\/\/agora.xtec.cat\/esc-santjordi-svmontalt\/wp-content\/uploads\/usu1728\/2023\/10\/IMG-20230915-WA0005-1536x863.jpg 1536w, https:\/\/agora.xtec.cat\/esc-santjordi-svmontalt\/wp-content\/uploads\/usu1728\/2023\/10\/IMG-20230915-WA0005.jpg 1708w\" sizes=\"auto, (max-width: 1024px) 100vw, 1024px\" \/><\/p>\n<p>&nbsp;<\/p>\n<h5 style=\"text-align: center;\">Ja tenim acabat el mural de l&#8217;escola!<\/h5>\n<p style=\"text-align: justify;\">Han sigut tres sessions molt profitoses, on tot l&#8217;alumnat de prim\u00e0ria ha pogut fer un taller amb el Victor, de Veuretart, per tal de con\u00e8ixer diferents aspectes relacionats amb el Hip Hop i el Graffiti com a moviment art\u00edstic. Aquest taller s&#8217;ha centrat en l&#8217;expressi\u00f3 d&#8217;emocions, i la conviv\u00e8ncia i la uni\u00f3 com a grup. Despr\u00e9s, evidentment, tamb\u00e9 s&#8217;ha realitzat la part pl\u00e0stica, sortint a la pista i pintant amb els esprais. Tothom hi ha tingut cabuda i l&#8217;alumnat ho ha gaudit molt\u00edssim!<\/p>\n<p style=\"text-align: justify;\">I el Claustre tamb\u00e9 ho hem pogut experimentar! Gr\u00e0cies a la col\u00b7laboraci\u00f3 de l&#8217;Ajuntament de Sant Vicen\u00e7, que ens ha finan\u00e7at aquesta part del projecte, tots i totes les mestres hem pogut participar de la realitzaci\u00f3 del mural i de la realitzaci\u00f3 d&#8217;un taller creatiu on hem plasmat els desitjos que volem que es facin realitat al llarg d&#8217;aquest curs.<\/p>\n<p style=\"text-align: justify;\">Ha estat una gran experi\u00e8ncia!<\/p>\n","protected":false},"excerpt":{"rendered":"<p>&nbsp;<br \/>\nJa tenim acabat el mural de l&#8217;escola!<br \/>\nHan sigut tres sessions molt profitoses, on tot l&#8217;alumnat de prim\u00e0ria ha pogut fer un taller amb el Victor, de Veuretart, per tal de con\u00e8ixer diferents aspectes relacionats amb el Hip Hop i el Graffiti com a moviment art\u00edstic.&hellip;  <a href=\"https:\/\/agora.xtec.cat\/esc-santjordi-svmontalt\/portada\/el-mural-de-lescola\/\" title=\"Read EL MURAL DE L&#8217;ESCOLA\">Llegeix m\u00e9s\u00bb<\/a><\/p>\n","protected":false},"author":1,"featured_media":11741,"comment_status":"open","ping_status":"closed","sticky":false,"template":"","format":"standard","meta":{"_bbp_topic_count":0,"_bbp_reply_count":0,"_bbp_total_topic_count":0,"_bbp_total_reply_count":0,"_bbp_voice_count":0,"_bbp_anonymous_reply_count":0,"_bbp_topic_count_hidden":0,"_bbp_reply_count_hidden":0,"_bbp_forum_subforum_count":0,"footnotes":""},"categories":[166],"tags":[],"class_list":["post-11740","post","type-post","status-publish","format-standard","has-post-thumbnail","hentry","category-portada"],"post_mailing_queue_ids":[],"_links":{"self":[{"href":"https:\/\/agora.xtec.cat\/esc-santjordi-svmontalt\/wp-json\/wp\/v2\/posts\/11740","targetHints":{"allow":["GET"]}}],"collection":[{"href":"https:\/\/agora.xtec.cat\/esc-santjordi-svmontalt\/wp-json\/wp\/v2\/posts"}],"about":[{"href":"https:\/\/agora.xtec.cat\/esc-santjordi-svmontalt\/wp-json\/wp\/v2\/types\/post"}],"author":[{"embeddable":true,"href":"https:\/\/agora.xtec.cat\/esc-santjordi-svmontalt\/wp-json\/wp\/v2\/users\/1"}],"replies":[{"embeddable":true,"href":"https:\/\/agora.xtec.cat\/esc-santjordi-svmontalt\/wp-json\/wp\/v2\/comments?post=11740"}],"version-history":[{"count":1,"href":"https:\/\/agora.xtec.cat\/esc-santjordi-svmontalt\/wp-json\/wp\/v2\/posts\/11740\/revisions"}],"predecessor-version":[{"id":11742,"href":"https:\/\/agora.xtec.cat\/esc-santjordi-svmontalt\/wp-json\/wp\/v2\/posts\/11740\/revisions\/11742"}],"wp:featuredmedia":[{"embeddable":true,"href":"https:\/\/agora.xtec.cat\/esc-santjordi-svmontalt\/wp-json\/wp\/v2\/media\/11741"}],"wp:attachment":[{"href":"https:\/\/agora.xtec.cat\/esc-santjordi-svmontalt\/wp-json\/wp\/v2\/media?parent=11740"}],"wp:term":[{"taxonomy":"category","embeddable":true,"href":"https:\/\/agora.xtec.cat\/esc-santjordi-svmontalt\/wp-json\/wp\/v2\/categories?post=11740"},{"taxonomy":"post_tag","embeddable":true,"href":"https:\/\/agora.xtec.cat\/esc-santjordi-svmontalt\/wp-json\/wp\/v2\/tags?post=11740"}],"curies":[{"name":"wp","href":"https:\/\/api.w.org\/{rel}","templated":true}]}}