{"id":11647,"date":"2023-09-26T09:57:48","date_gmt":"2023-09-26T07:57:48","guid":{"rendered":"https:\/\/agora.xtec.cat\/esc-santjordi-svmontalt\/?p=11647"},"modified":"2024-08-27T13:37:17","modified_gmt":"2024-08-27T11:37:17","slug":"6e-ritmes","status":"publish","type":"post","link":"https:\/\/agora.xtec.cat\/esc-santjordi-svmontalt\/especialitats\/musica\/6e-ritmes\/","title":{"rendered":"6\u00e8 &#8211; RITMES"},"content":{"rendered":"<p>Amb l&#8217;alumnat de 6\u00e8 hem estat recordant els ritmes que coneixem i hem fet aquest petit acompanyament r\u00edtmic. Cliqueu a la imatge per veure&#8217;l!<\/p>\n<p><a href=\"https:\/\/drive.google.com\/file\/d\/1nW6fXn0NHcUTJlgoBrIbyC2zWsZXauHz\/view?usp=drive_link\" target=\"_blank\" rel=\"noopener\"><img loading=\"lazy\" decoding=\"async\" class=\"alignnone  wp-image-11648\" src=\"https:\/\/agora.xtec.cat\/esc-santjordi-svmontalt\/wp-content\/uploads\/usu1728\/2023\/09\/Screenshot_2023-09-26-09-51-38-36_99c04817c0de5652397fc8b56c3b3817-1024x461.jpg\" alt=\"\" width=\"362\" height=\"163\" srcset=\"https:\/\/agora.xtec.cat\/esc-santjordi-svmontalt\/wp-content\/uploads\/usu1728\/2023\/09\/Screenshot_2023-09-26-09-51-38-36_99c04817c0de5652397fc8b56c3b3817-1024x461.jpg 1024w, https:\/\/agora.xtec.cat\/esc-santjordi-svmontalt\/wp-content\/uploads\/usu1728\/2023\/09\/Screenshot_2023-09-26-09-51-38-36_99c04817c0de5652397fc8b56c3b3817-300x135.jpg 300w, https:\/\/agora.xtec.cat\/esc-santjordi-svmontalt\/wp-content\/uploads\/usu1728\/2023\/09\/Screenshot_2023-09-26-09-51-38-36_99c04817c0de5652397fc8b56c3b3817-768x346.jpg 768w, https:\/\/agora.xtec.cat\/esc-santjordi-svmontalt\/wp-content\/uploads\/usu1728\/2023\/09\/Screenshot_2023-09-26-09-51-38-36_99c04817c0de5652397fc8b56c3b3817-1536x691.jpg 1536w, https:\/\/agora.xtec.cat\/esc-santjordi-svmontalt\/wp-content\/uploads\/usu1728\/2023\/09\/Screenshot_2023-09-26-09-51-38-36_99c04817c0de5652397fc8b56c3b3817-2048x922.jpg 2048w\" sizes=\"auto, (max-width: 362px) 100vw, 362px\" \/><\/a><\/p>\n","protected":false},"excerpt":{"rendered":"<p>Amb l&#8217;alumnat de 6\u00e8 hem estat recordant els ritmes que coneixem i hem fet aquest petit acompanyament r\u00edtmic. Cliqueu a la imatge per veure&#8217;l!<br \/>\n<a href=\"https:\/\/drive.google.com\/file\/d\/1nW6fXn0NHcUTJlgoBrIbyC2zWsZXauHz\/view?usp=drive_link\" target=\"_blank\" rel=\"noopener\"><\/a><\/p>\n","protected":false},"author":15,"featured_media":0,"comment_status":"open","ping_status":"closed","sticky":false,"template":"","format":"standard","meta":{"_bbp_topic_count":0,"_bbp_reply_count":0,"_bbp_total_topic_count":0,"_bbp_total_reply_count":0,"_bbp_voice_count":0,"_bbp_anonymous_reply_count":0,"_bbp_topic_count_hidden":0,"_bbp_reply_count_hidden":0,"_bbp_forum_subforum_count":0,"footnotes":""},"categories":[62],"tags":[],"class_list":["post-11647","post","type-post","status-publish","format-standard","hentry","category-musica"],"post_mailing_queue_ids":[],"_links":{"self":[{"href":"https:\/\/agora.xtec.cat\/esc-santjordi-svmontalt\/wp-json\/wp\/v2\/posts\/11647","targetHints":{"allow":["GET"]}}],"collection":[{"href":"https:\/\/agora.xtec.cat\/esc-santjordi-svmontalt\/wp-json\/wp\/v2\/posts"}],"about":[{"href":"https:\/\/agora.xtec.cat\/esc-santjordi-svmontalt\/wp-json\/wp\/v2\/types\/post"}],"author":[{"embeddable":true,"href":"https:\/\/agora.xtec.cat\/esc-santjordi-svmontalt\/wp-json\/wp\/v2\/users\/15"}],"replies":[{"embeddable":true,"href":"https:\/\/agora.xtec.cat\/esc-santjordi-svmontalt\/wp-json\/wp\/v2\/comments?post=11647"}],"version-history":[{"count":4,"href":"https:\/\/agora.xtec.cat\/esc-santjordi-svmontalt\/wp-json\/wp\/v2\/posts\/11647\/revisions"}],"predecessor-version":[{"id":12019,"href":"https:\/\/agora.xtec.cat\/esc-santjordi-svmontalt\/wp-json\/wp\/v2\/posts\/11647\/revisions\/12019"}],"wp:attachment":[{"href":"https:\/\/agora.xtec.cat\/esc-santjordi-svmontalt\/wp-json\/wp\/v2\/media?parent=11647"}],"wp:term":[{"taxonomy":"category","embeddable":true,"href":"https:\/\/agora.xtec.cat\/esc-santjordi-svmontalt\/wp-json\/wp\/v2\/categories?post=11647"},{"taxonomy":"post_tag","embeddable":true,"href":"https:\/\/agora.xtec.cat\/esc-santjordi-svmontalt\/wp-json\/wp\/v2\/tags?post=11647"}],"curies":[{"name":"wp","href":"https:\/\/api.w.org\/{rel}","templated":true}]}}