{"id":11573,"date":"2023-06-29T13:33:39","date_gmt":"2023-06-29T11:33:39","guid":{"rendered":"https:\/\/agora.xtec.cat\/esc-santjordi-svmontalt\/?p=11573"},"modified":"2023-09-05T17:44:53","modified_gmt":"2023-09-05T15:44:53","slug":"comiat-6e","status":"publish","type":"post","link":"https:\/\/agora.xtec.cat\/esc-santjordi-svmontalt\/general\/comiat-6e\/","title":{"rendered":"COMIAT 6\u00e8"},"content":{"rendered":"<p>El dimecres 21 de juny vam acomiadar l&#8217;alumnat de 6\u00e8.<\/p>\n<p>Primer, els nois i noies de 6\u00e8 ens van dedicar un ball que han estat preparant durant el trimestre a les sessions de m\u00fasica.<\/p>\n<p>Un cop van acabar, la resta de l&#8217;escola ten\u00edem una sorpresa preparada. Els vam posar a la rotllana del centre i els vam envoltar per mostrar-los el nostre regal. Una can\u00e7\u00f3 de la m\u00e0 dels Tyets que tan ens agraden.<\/p>\n<p>Despr\u00e9s vam vam fer entrega de l&#8217;orla i\u00a0 els vam posar una banda commemorativa. Podeu veure els v\u00eddeos i fotos en el seg\u00fcent enlla\u00e7<\/p>\n<p><a href=\"https:\/\/drive.google.com\/drive\/folders\/1-KwwZuSZDA6_Lb3t2g011FH1HHwEO_wu?usp=sharing\" target=\"_blank\" rel=\"noopener\">FOTOS COMIAT<\/a><\/p>\n<p style=\"text-align: center;\">ENHORABONA NOIS I NOIES!<\/p>\n<p style=\"text-align: center;\"><strong><span style=\"color: #3366ff;\">MOLTA<\/span> <span style=\"color: #99cc00;\">SORT<\/span> <span style=\"color: #666699;\">A<\/span> <span style=\"color: #ff6600;\">LA<\/span> <span style=\"color: #00ccff;\">NOVA<\/span> <span style=\"color: #800080;\">ETAPA<\/span><span style=\"color: #ff0000;\">!<\/span><\/strong><\/p>\n<p><img loading=\"lazy\" decoding=\"async\" class=\"aligncenter wp-image-11574\" src=\"https:\/\/agora.xtec.cat\/esc-santjordi-svmontalt\/wp-content\/uploads\/usu1728\/2023\/06\/769A154A-113E-42F6-B934-103A6FCE0DAC-1024x1024.jpg\" alt=\"\" width=\"470\" height=\"470\" srcset=\"https:\/\/agora.xtec.cat\/esc-santjordi-svmontalt\/wp-content\/uploads\/usu1728\/2023\/06\/769A154A-113E-42F6-B934-103A6FCE0DAC-1024x1024.jpg 1024w, https:\/\/agora.xtec.cat\/esc-santjordi-svmontalt\/wp-content\/uploads\/usu1728\/2023\/06\/769A154A-113E-42F6-B934-103A6FCE0DAC-300x300.jpg 300w, https:\/\/agora.xtec.cat\/esc-santjordi-svmontalt\/wp-content\/uploads\/usu1728\/2023\/06\/769A154A-113E-42F6-B934-103A6FCE0DAC-150x150.jpg 150w, https:\/\/agora.xtec.cat\/esc-santjordi-svmontalt\/wp-content\/uploads\/usu1728\/2023\/06\/769A154A-113E-42F6-B934-103A6FCE0DAC-768x768.jpg 768w, https:\/\/agora.xtec.cat\/esc-santjordi-svmontalt\/wp-content\/uploads\/usu1728\/2023\/06\/769A154A-113E-42F6-B934-103A6FCE0DAC-1536x1536.jpg 1536w, https:\/\/agora.xtec.cat\/esc-santjordi-svmontalt\/wp-content\/uploads\/usu1728\/2023\/06\/769A154A-113E-42F6-B934-103A6FCE0DAC.jpg 2048w\" sizes=\"auto, (max-width: 470px) 100vw, 470px\" \/><\/p>\n<p>&nbsp;<\/p>\n","protected":false},"excerpt":{"rendered":"<p>El dimecres 21 de juny vam acomiadar l&#8217;alumnat de 6\u00e8.<br \/>\nPrimer, els nois i noies de 6\u00e8 ens van dedicar un ball que han estat preparant durant el trimestre a les sessions de m\u00fasica.<br \/>\nUn cop van acabar, la resta de l&#8217;escola ten\u00edem una sorpresa preparada. Els&hellip;  <a href=\"https:\/\/agora.xtec.cat\/esc-santjordi-svmontalt\/general\/comiat-6e\/\" title=\"Read COMIAT 6\u00e8\">Llegeix m\u00e9s\u00bb<\/a><\/p>\n","protected":false},"author":1,"featured_media":11574,"comment_status":"open","ping_status":"closed","sticky":false,"template":"","format":"standard","meta":{"_bbp_topic_count":0,"_bbp_reply_count":0,"_bbp_total_topic_count":0,"_bbp_total_reply_count":0,"_bbp_voice_count":0,"_bbp_anonymous_reply_count":0,"_bbp_topic_count_hidden":0,"_bbp_reply_count_hidden":0,"_bbp_forum_subforum_count":0,"footnotes":""},"categories":[1,166],"tags":[],"class_list":["post-11573","post","type-post","status-publish","format-standard","has-post-thumbnail","hentry","category-general","category-portada"],"post_mailing_queue_ids":[],"_links":{"self":[{"href":"https:\/\/agora.xtec.cat\/esc-santjordi-svmontalt\/wp-json\/wp\/v2\/posts\/11573","targetHints":{"allow":["GET"]}}],"collection":[{"href":"https:\/\/agora.xtec.cat\/esc-santjordi-svmontalt\/wp-json\/wp\/v2\/posts"}],"about":[{"href":"https:\/\/agora.xtec.cat\/esc-santjordi-svmontalt\/wp-json\/wp\/v2\/types\/post"}],"author":[{"embeddable":true,"href":"https:\/\/agora.xtec.cat\/esc-santjordi-svmontalt\/wp-json\/wp\/v2\/users\/1"}],"replies":[{"embeddable":true,"href":"https:\/\/agora.xtec.cat\/esc-santjordi-svmontalt\/wp-json\/wp\/v2\/comments?post=11573"}],"version-history":[{"count":1,"href":"https:\/\/agora.xtec.cat\/esc-santjordi-svmontalt\/wp-json\/wp\/v2\/posts\/11573\/revisions"}],"predecessor-version":[{"id":11575,"href":"https:\/\/agora.xtec.cat\/esc-santjordi-svmontalt\/wp-json\/wp\/v2\/posts\/11573\/revisions\/11575"}],"wp:featuredmedia":[{"embeddable":true,"href":"https:\/\/agora.xtec.cat\/esc-santjordi-svmontalt\/wp-json\/wp\/v2\/media\/11574"}],"wp:attachment":[{"href":"https:\/\/agora.xtec.cat\/esc-santjordi-svmontalt\/wp-json\/wp\/v2\/media?parent=11573"}],"wp:term":[{"taxonomy":"category","embeddable":true,"href":"https:\/\/agora.xtec.cat\/esc-santjordi-svmontalt\/wp-json\/wp\/v2\/categories?post=11573"},{"taxonomy":"post_tag","embeddable":true,"href":"https:\/\/agora.xtec.cat\/esc-santjordi-svmontalt\/wp-json\/wp\/v2\/tags?post=11573"}],"curies":[{"name":"wp","href":"https:\/\/api.w.org\/{rel}","templated":true}]}}