{"id":11490,"date":"2023-06-02T17:19:39","date_gmt":"2023-06-02T15:19:39","guid":{"rendered":"https:\/\/agora.xtec.cat\/esc-santjordi-svmontalt\/?p=11490"},"modified":"2023-09-05T17:17:07","modified_gmt":"2023-09-05T15:17:07","slug":"projecte-5e","status":"publish","type":"post","link":"https:\/\/agora.xtec.cat\/esc-santjordi-svmontalt\/portada\/projecte-5e\/","title":{"rendered":"PROJECTE 5\u00e8"},"content":{"rendered":"<p>L&#8217;alumnat de 5\u00e8 de prim\u00e0ria hem estat treballant el projecte &#8220;De les coves als castells&#8221;. Cada equip cooperatiu s&#8217;ha fet expert d&#8217;una \u00e8poca hist\u00f2rica:<\/p>\n<ul>\n<li>Neol\u00edtic.<\/li>\n<li>Paleol\u00edtic.<\/li>\n<li>Edat dels metalls.<\/li>\n<li>Antic Egipte.<\/li>\n<li>Antiga Gr\u00e8cia.<\/li>\n<li>Roma.<\/li>\n<li>Edat Mitjana.<\/li>\n<\/ul>\n<p>Han realitzat unes fant\u00e0stiques exposicions per explicar el projecte a l&#8217;alumnat de l&#8217;escola i les fam\u00edlies.<\/p>\n<p>A m\u00e9s, han preparat uns projectes amb scratch que podeu consultar clicant a la seg\u00fcent imatge:<\/p>\n<p><a href=\"https:\/\/sites.google.com\/santjordiescola.cat\/projectes5\/p%C3%A0gina-principal\" target=\"_blank\" rel=\"noopener\"><img loading=\"lazy\" decoding=\"async\" class=\"wp-image-11498 aligncenter\" src=\"https:\/\/agora.xtec.cat\/esc-santjordi-svmontalt\/wp-content\/uploads\/usu1728\/2023\/06\/Portada-1024x316.png\" alt=\"\" width=\"671\" height=\"207\" srcset=\"https:\/\/agora.xtec.cat\/esc-santjordi-svmontalt\/wp-content\/uploads\/usu1728\/2023\/06\/Portada-1024x316.png 1024w, https:\/\/agora.xtec.cat\/esc-santjordi-svmontalt\/wp-content\/uploads\/usu1728\/2023\/06\/Portada-300x92.png 300w, https:\/\/agora.xtec.cat\/esc-santjordi-svmontalt\/wp-content\/uploads\/usu1728\/2023\/06\/Portada-768x237.png 768w, https:\/\/agora.xtec.cat\/esc-santjordi-svmontalt\/wp-content\/uploads\/usu1728\/2023\/06\/Portada.png 1431w\" sizes=\"auto, (max-width: 671px) 100vw, 671px\" \/><\/a><\/p>\n<p>Tamb\u00e9 us deixem l&#8217;enlla\u00e7 a la carpeta del drive on hi ha les fotografies del proc\u00e9s de creaci\u00f3 dels diferents racons del projecte:<\/p>\n<p><a href=\"https:\/\/drive.google.com\/drive\/folders\/1qq8qyNFB3kOjyjbnSkcbHe5wzZ5y-KrM?usp=share_link\" target=\"_blank\" rel=\"noopener\">FOTOGRAFIES<\/a><\/p>\n<p>&nbsp;<\/p>\n<p>&nbsp;<\/p>\n","protected":false},"excerpt":{"rendered":"<p>L&#8217;alumnat de 5\u00e8 de prim\u00e0ria hem estat treballant el projecte &#8220;De les coves als castells&#8221;. Cada equip cooperatiu s&#8217;ha fet expert d&#8217;una \u00e8poca hist\u00f2rica:<\/p>\n<ul>\n<li>Neol\u00edtic.<\/li>\n<li>Paleol\u00edtic.<\/li>\n<li>Edat dels metalls.<\/li>\n<li>Antic Egipte.<\/li>\n<li>Antiga Gr\u00e8cia.<\/li>\n<li>Roma.<\/li>\n<li>Edat Mitjana.<\/li>\n<\/ul>\n<p>Han realitzat unes fant\u00e0stiques exposicions per explicar el projecte a l&#8217;alumnat de l&#8217;escola i les fam\u00edlies.<br \/>\nA m\u00e9s,&hellip;  <a href=\"https:\/\/agora.xtec.cat\/esc-santjordi-svmontalt\/portada\/projecte-5e\/\" title=\"Read PROJECTE 5\u00e8\">Llegeix m\u00e9s\u00bb<\/a><\/p>\n","protected":false},"author":1,"featured_media":11498,"comment_status":"open","ping_status":"closed","sticky":false,"template":"","format":"standard","meta":{"_bbp_topic_count":0,"_bbp_reply_count":0,"_bbp_total_topic_count":0,"_bbp_total_reply_count":0,"_bbp_voice_count":0,"_bbp_anonymous_reply_count":0,"_bbp_topic_count_hidden":0,"_bbp_reply_count_hidden":0,"_bbp_forum_subforum_count":0,"footnotes":""},"categories":[166],"tags":[],"class_list":["post-11490","post","type-post","status-publish","format-standard","has-post-thumbnail","hentry","category-portada"],"post_mailing_queue_ids":[],"_links":{"self":[{"href":"https:\/\/agora.xtec.cat\/esc-santjordi-svmontalt\/wp-json\/wp\/v2\/posts\/11490","targetHints":{"allow":["GET"]}}],"collection":[{"href":"https:\/\/agora.xtec.cat\/esc-santjordi-svmontalt\/wp-json\/wp\/v2\/posts"}],"about":[{"href":"https:\/\/agora.xtec.cat\/esc-santjordi-svmontalt\/wp-json\/wp\/v2\/types\/post"}],"author":[{"embeddable":true,"href":"https:\/\/agora.xtec.cat\/esc-santjordi-svmontalt\/wp-json\/wp\/v2\/users\/1"}],"replies":[{"embeddable":true,"href":"https:\/\/agora.xtec.cat\/esc-santjordi-svmontalt\/wp-json\/wp\/v2\/comments?post=11490"}],"version-history":[{"count":1,"href":"https:\/\/agora.xtec.cat\/esc-santjordi-svmontalt\/wp-json\/wp\/v2\/posts\/11490\/revisions"}],"predecessor-version":[{"id":11499,"href":"https:\/\/agora.xtec.cat\/esc-santjordi-svmontalt\/wp-json\/wp\/v2\/posts\/11490\/revisions\/11499"}],"wp:featuredmedia":[{"embeddable":true,"href":"https:\/\/agora.xtec.cat\/esc-santjordi-svmontalt\/wp-json\/wp\/v2\/media\/11498"}],"wp:attachment":[{"href":"https:\/\/agora.xtec.cat\/esc-santjordi-svmontalt\/wp-json\/wp\/v2\/media?parent=11490"}],"wp:term":[{"taxonomy":"category","embeddable":true,"href":"https:\/\/agora.xtec.cat\/esc-santjordi-svmontalt\/wp-json\/wp\/v2\/categories?post=11490"},{"taxonomy":"post_tag","embeddable":true,"href":"https:\/\/agora.xtec.cat\/esc-santjordi-svmontalt\/wp-json\/wp\/v2\/tags?post=11490"}],"curies":[{"name":"wp","href":"https:\/\/api.w.org\/{rel}","templated":true}]}}