{"id":11284,"date":"2023-03-30T16:20:46","date_gmt":"2023-03-30T14:20:46","guid":{"rendered":"https:\/\/agora.xtec.cat\/esc-santjordi-svmontalt\/?p=11284"},"modified":"2023-09-05T17:23:18","modified_gmt":"2023-09-05T15:23:18","slug":"desconcerto","status":"publish","type":"post","link":"https:\/\/agora.xtec.cat\/esc-santjordi-svmontalt\/especialitats\/musica\/desconcerto\/","title":{"rendered":"DESCONCERTO"},"content":{"rendered":"<p><span style=\"font-family: inherit;font-size: 1em\">Aquest dijous 30 de maig, l\u2019alumnat de tercer i quart hem anat d\u2019excursi\u00f3 a Barcelona, al teatre de Sant Andreu a veure l\u2019espectacle de m\u00fasica cl\u00e0ssica amb una posada en escena moderna. Ens ho hem passat molt b\u00e9, hem interactuat amb els m\u00fasics i hem passat una molt bona estona.<\/span><\/p>\n<p>Despr\u00e9s hem anat a dinar al parc de la Pegaso. All\u00e0 hem jugat i ens ho hem passat molt b\u00e9.<\/p>\n<p>Podeu veure el recull de fotografies al seg\u00fcent enlla\u00e7<a href=\"https:\/\/drive.google.com\/drive\/folders\/1-VwQdg3_aaZlTevAAosoFwbA9Ae3rwjV\" target=\"_blank\" rel=\"noopener\">enlla\u00e7<\/a>.<br \/>\n<img loading=\"lazy\" decoding=\"async\" class=\"alignnone size-large wp-image-11286\" src=\"https:\/\/agora.xtec.cat\/esc-santjordi-svmontalt\/wp-content\/uploads\/usu1728\/2023\/03\/1BE9884B-09F5-4784-82FB-E41EB44E6F2C-1024x768.jpeg\" alt=\"\" width=\"1024\" height=\"768\" srcset=\"https:\/\/agora.xtec.cat\/esc-santjordi-svmontalt\/wp-content\/uploads\/usu1728\/2023\/03\/1BE9884B-09F5-4784-82FB-E41EB44E6F2C-1024x768.jpeg 1024w, https:\/\/agora.xtec.cat\/esc-santjordi-svmontalt\/wp-content\/uploads\/usu1728\/2023\/03\/1BE9884B-09F5-4784-82FB-E41EB44E6F2C-300x225.jpeg 300w, https:\/\/agora.xtec.cat\/esc-santjordi-svmontalt\/wp-content\/uploads\/usu1728\/2023\/03\/1BE9884B-09F5-4784-82FB-E41EB44E6F2C-768x576.jpeg 768w, https:\/\/agora.xtec.cat\/esc-santjordi-svmontalt\/wp-content\/uploads\/usu1728\/2023\/03\/1BE9884B-09F5-4784-82FB-E41EB44E6F2C-1536x1152.jpeg 1536w, https:\/\/agora.xtec.cat\/esc-santjordi-svmontalt\/wp-content\/uploads\/usu1728\/2023\/03\/1BE9884B-09F5-4784-82FB-E41EB44E6F2C-200x150.jpeg 200w, https:\/\/agora.xtec.cat\/esc-santjordi-svmontalt\/wp-content\/uploads\/usu1728\/2023\/03\/1BE9884B-09F5-4784-82FB-E41EB44E6F2C.jpeg 2016w\" sizes=\"auto, (max-width: 1024px) 100vw, 1024px\" \/><\/p>\n<p>&nbsp;<\/p>\n<p>&nbsp;<\/p>\n<p>&nbsp;<\/p>\n","protected":false},"excerpt":{"rendered":"<p>Aquest dijous 30 de maig, l\u2019alumnat de tercer i quart hem anat d\u2019excursi\u00f3 a Barcelona, al teatre de Sant Andreu a veure l\u2019espectacle de m\u00fasica cl\u00e0ssica amb una posada en escena moderna. Ens ho hem passat molt b\u00e9, hem interactuat amb els m\u00fasics i hem&hellip;  <a href=\"https:\/\/agora.xtec.cat\/esc-santjordi-svmontalt\/especialitats\/musica\/desconcerto\/\" title=\"Read DESCONCERTO\">Llegeix m\u00e9s\u00bb<\/a><\/p>\n","protected":false},"author":3,"featured_media":0,"comment_status":"closed","ping_status":"closed","sticky":false,"template":"","format":"standard","meta":{"_bbp_topic_count":0,"_bbp_reply_count":0,"_bbp_total_topic_count":0,"_bbp_total_reply_count":0,"_bbp_voice_count":0,"_bbp_anonymous_reply_count":0,"_bbp_topic_count_hidden":0,"_bbp_reply_count_hidden":0,"_bbp_forum_subforum_count":0,"footnotes":""},"categories":[62],"tags":[253,218,159,254],"class_list":["post-11284","post","type-post","status-publish","format-standard","hentry","category-musica","tag-barcelona","tag-excursions","tag-musica","tag-teatre"],"post_mailing_queue_ids":[],"_links":{"self":[{"href":"https:\/\/agora.xtec.cat\/esc-santjordi-svmontalt\/wp-json\/wp\/v2\/posts\/11284","targetHints":{"allow":["GET"]}}],"collection":[{"href":"https:\/\/agora.xtec.cat\/esc-santjordi-svmontalt\/wp-json\/wp\/v2\/posts"}],"about":[{"href":"https:\/\/agora.xtec.cat\/esc-santjordi-svmontalt\/wp-json\/wp\/v2\/types\/post"}],"author":[{"embeddable":true,"href":"https:\/\/agora.xtec.cat\/esc-santjordi-svmontalt\/wp-json\/wp\/v2\/users\/3"}],"replies":[{"embeddable":true,"href":"https:\/\/agora.xtec.cat\/esc-santjordi-svmontalt\/wp-json\/wp\/v2\/comments?post=11284"}],"version-history":[{"count":2,"href":"https:\/\/agora.xtec.cat\/esc-santjordi-svmontalt\/wp-json\/wp\/v2\/posts\/11284\/revisions"}],"predecessor-version":[{"id":11287,"href":"https:\/\/agora.xtec.cat\/esc-santjordi-svmontalt\/wp-json\/wp\/v2\/posts\/11284\/revisions\/11287"}],"wp:attachment":[{"href":"https:\/\/agora.xtec.cat\/esc-santjordi-svmontalt\/wp-json\/wp\/v2\/media?parent=11284"}],"wp:term":[{"taxonomy":"category","embeddable":true,"href":"https:\/\/agora.xtec.cat\/esc-santjordi-svmontalt\/wp-json\/wp\/v2\/categories?post=11284"},{"taxonomy":"post_tag","embeddable":true,"href":"https:\/\/agora.xtec.cat\/esc-santjordi-svmontalt\/wp-json\/wp\/v2\/tags?post=11284"}],"curies":[{"name":"wp","href":"https:\/\/api.w.org\/{rel}","templated":true}]}}