{"id":11070,"date":"2023-02-16T15:59:36","date_gmt":"2023-02-16T14:59:36","guid":{"rendered":"https:\/\/agora.xtec.cat\/esc-santjordi-svmontalt\/?p=11070"},"modified":"2023-09-05T17:28:34","modified_gmt":"2023-09-05T15:28:34","slug":"anem-a-veure-les-aus-rapinyaires","status":"publish","type":"post","link":"https:\/\/agora.xtec.cat\/esc-santjordi-svmontalt\/general\/anem-a-veure-les-aus-rapinyaires\/","title":{"rendered":"Anem a veure les aus rapinyaires!"},"content":{"rendered":"<p>El dimecres dia 15 de febrer, els nens i nenes de cicle inicial vam anar al Cim de les \u00c0ligues (Sant Feliu de Codines) i vam veure no nom\u00e9s \u00e0ligues com indica el nom, sin\u00f3 tota mena d<strong>&#8216;aus rapinyaires<\/strong>. La gran majoria aus que s\u00f3n all\u00e0 s\u00f3n aut\u00f2ctones de Catalunya, per\u00f2 tamb\u00e9 hi vam poder trobar aus d&#8217;altres indrets.<\/p>\n<p>Vam poder veure aquestes aus volar en llibertat com mai abans ho hav\u00edem vist! Vam veure les rapinyaires ca\u00e7ar.. i d&#8217;altres menjar-se les sobres d&#8217;animals ja ca\u00e7ats, com b\u00e9 fan els voltors i els aufranys.<\/p>\n<p>I despr\u00e9s de dinar.. vam fer una gimcana per grups on vam posar a prova els nostres coneixements!<\/p>\n<p>Per veure totes les fotografies de l&#8217;excursi\u00f3 clica a la fotografia del voltor!<\/p>\n<p>&nbsp;<\/p>\n<p><a href=\"https:\/\/drive.google.com\/drive\/folders\/1-3KLuS1gBbUebVicsL0QsaJj176zfwrv?usp=sharing\" target=\"_blank\" rel=\"noopener\"><img loading=\"lazy\" decoding=\"async\" class=\"aligncenter wp-image-11073\" src=\"https:\/\/agora.xtec.cat\/esc-santjordi-svmontalt\/wp-content\/uploads\/usu1728\/2023\/02\/unnamed-300x155.jpg\" alt=\"\" width=\"395\" height=\"204\" srcset=\"https:\/\/agora.xtec.cat\/esc-santjordi-svmontalt\/wp-content\/uploads\/usu1728\/2023\/02\/unnamed-300x155.jpg 300w, https:\/\/agora.xtec.cat\/esc-santjordi-svmontalt\/wp-content\/uploads\/usu1728\/2023\/02\/unnamed-1024x529.jpg 1024w, https:\/\/agora.xtec.cat\/esc-santjordi-svmontalt\/wp-content\/uploads\/usu1728\/2023\/02\/unnamed-768x397.jpg 768w, https:\/\/agora.xtec.cat\/esc-santjordi-svmontalt\/wp-content\/uploads\/usu1728\/2023\/02\/unnamed-1536x793.jpg 1536w, https:\/\/agora.xtec.cat\/esc-santjordi-svmontalt\/wp-content\/uploads\/usu1728\/2023\/02\/unnamed-2048x1058.jpg 2048w\" sizes=\"auto, (max-width: 395px) 100vw, 395px\" \/><\/a><\/p>\n<p>&nbsp;<\/p>\n<p>&nbsp;<\/p>\n<p>&nbsp;<\/p>\n<p>&nbsp;<\/p>\n<p>&nbsp;<\/p>\n<p>&nbsp;<\/p>\n","protected":false},"excerpt":{"rendered":"<p>M&#8217;est\u00e0s dient Gamar\u00fas..?&hellip;  <a href=\"https:\/\/agora.xtec.cat\/esc-santjordi-svmontalt\/general\/anem-a-veure-les-aus-rapinyaires\/\" title=\"Read Anem a veure les aus rapinyaires!\">Llegeix m\u00e9s\u00bb<\/a><\/p>\n","protected":false},"author":6,"featured_media":11071,"comment_status":"open","ping_status":"closed","sticky":false,"template":"","format":"standard","meta":{"_bbp_topic_count":0,"_bbp_reply_count":0,"_bbp_total_topic_count":0,"_bbp_total_reply_count":0,"_bbp_voice_count":0,"_bbp_anonymous_reply_count":0,"_bbp_topic_count_hidden":0,"_bbp_reply_count_hidden":0,"_bbp_forum_subforum_count":0,"footnotes":""},"categories":[1],"tags":[],"class_list":["post-11070","post","type-post","status-publish","format-standard","has-post-thumbnail","hentry","category-general"],"post_mailing_queue_ids":[],"_links":{"self":[{"href":"https:\/\/agora.xtec.cat\/esc-santjordi-svmontalt\/wp-json\/wp\/v2\/posts\/11070","targetHints":{"allow":["GET"]}}],"collection":[{"href":"https:\/\/agora.xtec.cat\/esc-santjordi-svmontalt\/wp-json\/wp\/v2\/posts"}],"about":[{"href":"https:\/\/agora.xtec.cat\/esc-santjordi-svmontalt\/wp-json\/wp\/v2\/types\/post"}],"author":[{"embeddable":true,"href":"https:\/\/agora.xtec.cat\/esc-santjordi-svmontalt\/wp-json\/wp\/v2\/users\/6"}],"replies":[{"embeddable":true,"href":"https:\/\/agora.xtec.cat\/esc-santjordi-svmontalt\/wp-json\/wp\/v2\/comments?post=11070"}],"version-history":[{"count":3,"href":"https:\/\/agora.xtec.cat\/esc-santjordi-svmontalt\/wp-json\/wp\/v2\/posts\/11070\/revisions"}],"predecessor-version":[{"id":11075,"href":"https:\/\/agora.xtec.cat\/esc-santjordi-svmontalt\/wp-json\/wp\/v2\/posts\/11070\/revisions\/11075"}],"wp:featuredmedia":[{"embeddable":true,"href":"https:\/\/agora.xtec.cat\/esc-santjordi-svmontalt\/wp-json\/wp\/v2\/media\/11071"}],"wp:attachment":[{"href":"https:\/\/agora.xtec.cat\/esc-santjordi-svmontalt\/wp-json\/wp\/v2\/media?parent=11070"}],"wp:term":[{"taxonomy":"category","embeddable":true,"href":"https:\/\/agora.xtec.cat\/esc-santjordi-svmontalt\/wp-json\/wp\/v2\/categories?post=11070"},{"taxonomy":"post_tag","embeddable":true,"href":"https:\/\/agora.xtec.cat\/esc-santjordi-svmontalt\/wp-json\/wp\/v2\/tags?post=11070"}],"curies":[{"name":"wp","href":"https:\/\/api.w.org\/{rel}","templated":true}]}}