{"id":11067,"date":"2023-02-15T15:24:06","date_gmt":"2023-02-15T14:24:06","guid":{"rendered":"https:\/\/agora.xtec.cat\/esc-santjordi-svmontalt\/?p=11067"},"modified":"2023-02-15T15:24:36","modified_gmt":"2023-02-15T14:24:36","slug":"dia-internacional-del-cancer-infantil","status":"publish","type":"post","link":"https:\/\/agora.xtec.cat\/esc-santjordi-svmontalt\/general\/dia-internacional-del-cancer-infantil\/","title":{"rendered":"Dia Internacional del C\u00e0ncer Infantil"},"content":{"rendered":"<p>Avui, 15 de febrer, \u00e9s el Dia Internacional del C\u00e0ncer Infantil. A l&#8217;escola hem participat amb dues activitats:<\/p>\n<ul>\n<li>Xocolatada solid\u00e0ria: organitzada per l&#8217;AFA.<\/li>\n<li>Inflada de globus per a l&#8217;Associaci\u00f3 Mariona.<\/li>\n<\/ul>\n<p>Podeu clicar a la imatge per accedir al v\u00eddeo.<\/p>\n<p><a href=\"https:\/\/drive.google.com\/file\/d\/132YmO46AVrnJ5xizEqUPPtsDVTKx7dDm\/view?usp=share_link\" target=\"_blank\" rel=\"noopener\"><img loading=\"lazy\" decoding=\"async\" class=\"aligncenter wp-image-11068\" src=\"https:\/\/agora.xtec.cat\/esc-santjordi-svmontalt\/wp-content\/uploads\/usu1728\/2023\/02\/IMG_8099.jpg\" alt=\"\" width=\"447\" height=\"296\" srcset=\"https:\/\/agora.xtec.cat\/esc-santjordi-svmontalt\/wp-content\/uploads\/usu1728\/2023\/02\/IMG_8099.jpg 1000w, https:\/\/agora.xtec.cat\/esc-santjordi-svmontalt\/wp-content\/uploads\/usu1728\/2023\/02\/IMG_8099-300x199.jpg 300w, https:\/\/agora.xtec.cat\/esc-santjordi-svmontalt\/wp-content\/uploads\/usu1728\/2023\/02\/IMG_8099-768x508.jpg 768w\" sizes=\"auto, (max-width: 447px) 100vw, 447px\" \/><\/a><\/p>\n","protected":false},"excerpt":{"rendered":"<p>Avui, 15 de febrer, \u00e9s el Dia Internacional del C\u00e0ncer Infantil. A l&#8217;escola hem participat amb dues activitats:<\/p>\n<ul>\n<li>Xocolatada solid\u00e0ria: organitzada per l&#8217;AFA.<\/li>\n<li>Inflada de globus per a l&#8217;Associaci\u00f3 Mariona.<\/li>\n<\/ul>\n<p>Podeu clicar a la imatge per accedir al v\u00eddeo.<br \/>\n<a href=\"https:\/\/drive.google.com\/file\/d\/132YmO46AVrnJ5xizEqUPPtsDVTKx7dDm\/view?usp=share_link\" target=\"_blank\" rel=\"noopener\"><\/a><\/p>\n","protected":false},"author":1,"featured_media":11068,"comment_status":"open","ping_status":"closed","sticky":false,"template":"","format":"standard","meta":{"_bbp_topic_count":0,"_bbp_reply_count":0,"_bbp_total_topic_count":0,"_bbp_total_reply_count":0,"_bbp_voice_count":0,"_bbp_anonymous_reply_count":0,"_bbp_topic_count_hidden":0,"_bbp_reply_count_hidden":0,"_bbp_forum_subforum_count":0,"footnotes":""},"categories":[1,166],"tags":[],"class_list":["post-11067","post","type-post","status-publish","format-standard","has-post-thumbnail","hentry","category-general","category-portada"],"post_mailing_queue_ids":[],"_links":{"self":[{"href":"https:\/\/agora.xtec.cat\/esc-santjordi-svmontalt\/wp-json\/wp\/v2\/posts\/11067","targetHints":{"allow":["GET"]}}],"collection":[{"href":"https:\/\/agora.xtec.cat\/esc-santjordi-svmontalt\/wp-json\/wp\/v2\/posts"}],"about":[{"href":"https:\/\/agora.xtec.cat\/esc-santjordi-svmontalt\/wp-json\/wp\/v2\/types\/post"}],"author":[{"embeddable":true,"href":"https:\/\/agora.xtec.cat\/esc-santjordi-svmontalt\/wp-json\/wp\/v2\/users\/1"}],"replies":[{"embeddable":true,"href":"https:\/\/agora.xtec.cat\/esc-santjordi-svmontalt\/wp-json\/wp\/v2\/comments?post=11067"}],"version-history":[{"count":1,"href":"https:\/\/agora.xtec.cat\/esc-santjordi-svmontalt\/wp-json\/wp\/v2\/posts\/11067\/revisions"}],"predecessor-version":[{"id":11069,"href":"https:\/\/agora.xtec.cat\/esc-santjordi-svmontalt\/wp-json\/wp\/v2\/posts\/11067\/revisions\/11069"}],"wp:featuredmedia":[{"embeddable":true,"href":"https:\/\/agora.xtec.cat\/esc-santjordi-svmontalt\/wp-json\/wp\/v2\/media\/11068"}],"wp:attachment":[{"href":"https:\/\/agora.xtec.cat\/esc-santjordi-svmontalt\/wp-json\/wp\/v2\/media?parent=11067"}],"wp:term":[{"taxonomy":"category","embeddable":true,"href":"https:\/\/agora.xtec.cat\/esc-santjordi-svmontalt\/wp-json\/wp\/v2\/categories?post=11067"},{"taxonomy":"post_tag","embeddable":true,"href":"https:\/\/agora.xtec.cat\/esc-santjordi-svmontalt\/wp-json\/wp\/v2\/tags?post=11067"}],"curies":[{"name":"wp","href":"https:\/\/api.w.org\/{rel}","templated":true}]}}