{"id":11017,"date":"2023-02-01T13:16:19","date_gmt":"2023-02-01T12:16:19","guid":{"rendered":"https:\/\/agora.xtec.cat\/esc-santjordi-svmontalt\/?p=11017"},"modified":"2023-09-05T17:31:07","modified_gmt":"2023-09-05T15:31:07","slug":"families-a-laula","status":"publish","type":"post","link":"https:\/\/agora.xtec.cat\/esc-santjordi-svmontalt\/ampa\/families-a-laula\/","title":{"rendered":"Fam\u00edlies a l&#8217;aula!"},"content":{"rendered":"<p>Des de l&#8217;escola desitgem que les fam\u00edlies facin pres\u00e8ncia dins les aules. Avui han vingut dues mares que s\u00f3n infermeres i ens han fet un taller de primers auxilis: qu\u00e8 hem de fer davant d&#8217;algun company o companya amb una ferida, amb un cop, sang al nas i altres casos!<\/p>\n<p>Hem compartit forces experi\u00e8ncies i hem apr\u00e8s molt\u00edssim, i tot en fam\u00edlia!<\/p>\n<p>Per veure les fotografies, cliqueu a la imatge!<\/p>\n<p><a href=\"https:\/\/drive.google.com\/drive\/folders\/16c27vy4nQadWFQxZXwww7AxuGHLN4Bda?usp=sharing\" target=\"_blank\" rel=\"noopener\"><img loading=\"lazy\" decoding=\"async\" class=\"aligncenter size-medium wp-image-11018\" src=\"https:\/\/agora.xtec.cat\/esc-santjordi-svmontalt\/wp-content\/uploads\/usu1728\/2023\/02\/unnamed-1-300x225.jpg\" alt=\"\" width=\"300\" height=\"225\" srcset=\"https:\/\/agora.xtec.cat\/esc-santjordi-svmontalt\/wp-content\/uploads\/usu1728\/2023\/02\/unnamed-1-300x225.jpg 300w, https:\/\/agora.xtec.cat\/esc-santjordi-svmontalt\/wp-content\/uploads\/usu1728\/2023\/02\/unnamed-1-1024x768.jpg 1024w, https:\/\/agora.xtec.cat\/esc-santjordi-svmontalt\/wp-content\/uploads\/usu1728\/2023\/02\/unnamed-1-768x576.jpg 768w, https:\/\/agora.xtec.cat\/esc-santjordi-svmontalt\/wp-content\/uploads\/usu1728\/2023\/02\/unnamed-1-1536x1152.jpg 1536w, https:\/\/agora.xtec.cat\/esc-santjordi-svmontalt\/wp-content\/uploads\/usu1728\/2023\/02\/unnamed-1-2048x1536.jpg 2048w, https:\/\/agora.xtec.cat\/esc-santjordi-svmontalt\/wp-content\/uploads\/usu1728\/2023\/02\/unnamed-1-200x150.jpg 200w\" sizes=\"auto, (max-width: 300px) 100vw, 300px\" \/><\/a><\/p>\n<p>&nbsp;<\/p>\n","protected":false},"excerpt":{"rendered":"<p>Des de l&#8217;escola desitgem que les fam\u00edlies facin pres\u00e8ncia dins les aules. Avui han vingut dues mares que s\u00f3n infermeres i ens han fet un taller de primers auxilis: qu\u00e8 hem de fer davant d&#8217;algun company o companya amb una ferida, amb un cop, sang&hellip;  <a href=\"https:\/\/agora.xtec.cat\/esc-santjordi-svmontalt\/ampa\/families-a-laula\/\" title=\"Read Fam\u00edlies a l&#8217;aula!\">Llegeix m\u00e9s\u00bb<\/a><\/p>\n","protected":false},"author":6,"featured_media":11018,"comment_status":"open","ping_status":"closed","sticky":false,"template":"","format":"standard","meta":{"_bbp_topic_count":0,"_bbp_reply_count":0,"_bbp_total_topic_count":0,"_bbp_total_reply_count":0,"_bbp_voice_count":0,"_bbp_anonymous_reply_count":0,"_bbp_topic_count_hidden":0,"_bbp_reply_count_hidden":0,"_bbp_forum_subforum_count":0,"footnotes":""},"categories":[7],"tags":[],"class_list":["post-11017","post","type-post","status-publish","format-standard","has-post-thumbnail","hentry","category-ampa"],"post_mailing_queue_ids":[],"_links":{"self":[{"href":"https:\/\/agora.xtec.cat\/esc-santjordi-svmontalt\/wp-json\/wp\/v2\/posts\/11017","targetHints":{"allow":["GET"]}}],"collection":[{"href":"https:\/\/agora.xtec.cat\/esc-santjordi-svmontalt\/wp-json\/wp\/v2\/posts"}],"about":[{"href":"https:\/\/agora.xtec.cat\/esc-santjordi-svmontalt\/wp-json\/wp\/v2\/types\/post"}],"author":[{"embeddable":true,"href":"https:\/\/agora.xtec.cat\/esc-santjordi-svmontalt\/wp-json\/wp\/v2\/users\/6"}],"replies":[{"embeddable":true,"href":"https:\/\/agora.xtec.cat\/esc-santjordi-svmontalt\/wp-json\/wp\/v2\/comments?post=11017"}],"version-history":[{"count":4,"href":"https:\/\/agora.xtec.cat\/esc-santjordi-svmontalt\/wp-json\/wp\/v2\/posts\/11017\/revisions"}],"predecessor-version":[{"id":11022,"href":"https:\/\/agora.xtec.cat\/esc-santjordi-svmontalt\/wp-json\/wp\/v2\/posts\/11017\/revisions\/11022"}],"wp:featuredmedia":[{"embeddable":true,"href":"https:\/\/agora.xtec.cat\/esc-santjordi-svmontalt\/wp-json\/wp\/v2\/media\/11018"}],"wp:attachment":[{"href":"https:\/\/agora.xtec.cat\/esc-santjordi-svmontalt\/wp-json\/wp\/v2\/media?parent=11017"}],"wp:term":[{"taxonomy":"category","embeddable":true,"href":"https:\/\/agora.xtec.cat\/esc-santjordi-svmontalt\/wp-json\/wp\/v2\/categories?post=11017"},{"taxonomy":"post_tag","embeddable":true,"href":"https:\/\/agora.xtec.cat\/esc-santjordi-svmontalt\/wp-json\/wp\/v2\/tags?post=11017"}],"curies":[{"name":"wp","href":"https:\/\/api.w.org\/{rel}","templated":true}]}}