{"id":10869,"date":"2023-02-18T12:33:17","date_gmt":"2023-02-18T11:33:17","guid":{"rendered":"https:\/\/agora.xtec.cat\/esc-santjordi-svmontalt\/?p=10869"},"modified":"2024-05-07T15:17:53","modified_gmt":"2024-05-07T13:17:53","slug":"canco-inedita","status":"publish","type":"post","link":"https:\/\/agora.xtec.cat\/esc-santjordi-svmontalt\/general\/canco-inedita\/","title":{"rendered":"CAN\u00c7\u00d3 IN\u00c8DITA"},"content":{"rendered":"<p>El passat 20 de desembre per la tarda, es va dur a terme el concert de Nadal de l&#8217;escola.<\/p>\n<p style=\"text-align: justify;\">Tot l&#8217;alumnat va cantar davant les fam\u00edlies amb tota la seva il\u00b7lusi\u00f3 i entusiasme, ho van fer molt b\u00e9. Al final del concert, vam tenir un preci\u00f3s regal de la m\u00e0 de l&#8217;alumnat de 6\u00e8 i en Ferran Cruixent.<\/p>\n<p style=\"text-align: justify;\">En Ferran \u00e9s pare de l&#8217;escola i li vam demanar si volia composar la can\u00e7\u00f3 de 6\u00e8 per aquest concert. Ell, \u00e9s un compositor de renom a nivell internacional i rep enc\u00e0rrecs d&#8217;obres simf\u00f2niques, de cambra, de ballet&#8230;per\u00f2 no va dubtar en acceptar la nostra humil proposta. Li agra\u00efm molt\u00edssim la seva implicaci\u00f3, i tot l&#8217;amor que hi ha posat. L&#8217;alumnat de 6\u00e8 ha pogut participar en l&#8217;elaboraci\u00f3 d&#8217;una can\u00e7\u00f3 in\u00e8dita. A les sessions de m\u00fasica i amb l&#8217;ajuda de la Montse, han pogut escriure la lletra, si l&#8217;escolteu podeu veure que est\u00e0 escrita amb el vocabulari propi de nens i nenes d&#8217;11 anys que parlen de l&#8217;\u00faltim Nadal a l&#8217;escola.<\/p>\n<p>Us deixem l&#8217;enlla\u00e7 de la gravaci\u00f3 perqu\u00e8 la pugueu escoltar:<\/p>\n<p style=\"text-align: center;\"><a href=\"https:\/\/drive.google.com\/file\/d\/1VcMDDU158w85NdLoMpltS2vnNLACs9_5\/view?usp=share_link\" target=\"_blank\" rel=\"noopener\">\u00c9S L&#8217;\u00daLTIM NADAL<\/a><\/p>\n<p><strong><span style=\"color: #c91a37;\">MOLTES GR\u00c0CIES FERRAN!!\u00a0<\/span><\/strong><\/p>\n<p><strong><span style=\"color: #339966;\">ENHORABONA MONTSE I ALUMNAT DE 6\u00e8!<\/span><\/strong><\/p>\n<p>I ja tenim el videoclip de la can\u00e7\u00f3 gravada a l&#8217;estudi:<\/p>\n<p><iframe loading=\"lazy\" title=\"YouTube video player\" src=\"https:\/\/www.youtube.com\/embed\/okxQGETYo_c\" width=\"560\" height=\"315\" frameborder=\"0\" allowfullscreen=\"allowfullscreen\"><\/iframe><\/p>\n","protected":false},"excerpt":{"rendered":"<p>El passat 20 de desembre per la tarda, es va dur a terme el concert de Nadal de l&#8217;escola.<br \/>\nTot l&#8217;alumnat va cantar davant les fam\u00edlies amb tota la seva il\u00b7lusi\u00f3 i entusiasme, ho van fer molt b\u00e9. Al final del concert, vam tenir un preci\u00f3s&hellip;  <a href=\"https:\/\/agora.xtec.cat\/esc-santjordi-svmontalt\/general\/canco-inedita\/\" title=\"Read CAN\u00c7\u00d3 IN\u00c8DITA\">Llegeix m\u00e9s\u00bb<\/a><\/p>\n","protected":false},"author":1,"featured_media":0,"comment_status":"closed","ping_status":"closed","sticky":false,"template":"","format":"standard","meta":{"_bbp_topic_count":0,"_bbp_reply_count":0,"_bbp_total_topic_count":0,"_bbp_total_reply_count":0,"_bbp_voice_count":0,"_bbp_anonymous_reply_count":0,"_bbp_topic_count_hidden":0,"_bbp_reply_count_hidden":0,"_bbp_forum_subforum_count":0,"footnotes":""},"categories":[1,166],"tags":[],"class_list":["post-10869","post","type-post","status-publish","format-standard","hentry","category-general","category-portada"],"post_mailing_queue_ids":[],"_links":{"self":[{"href":"https:\/\/agora.xtec.cat\/esc-santjordi-svmontalt\/wp-json\/wp\/v2\/posts\/10869","targetHints":{"allow":["GET"]}}],"collection":[{"href":"https:\/\/agora.xtec.cat\/esc-santjordi-svmontalt\/wp-json\/wp\/v2\/posts"}],"about":[{"href":"https:\/\/agora.xtec.cat\/esc-santjordi-svmontalt\/wp-json\/wp\/v2\/types\/post"}],"author":[{"embeddable":true,"href":"https:\/\/agora.xtec.cat\/esc-santjordi-svmontalt\/wp-json\/wp\/v2\/users\/1"}],"replies":[{"embeddable":true,"href":"https:\/\/agora.xtec.cat\/esc-santjordi-svmontalt\/wp-json\/wp\/v2\/comments?post=10869"}],"version-history":[{"count":3,"href":"https:\/\/agora.xtec.cat\/esc-santjordi-svmontalt\/wp-json\/wp\/v2\/posts\/10869\/revisions"}],"predecessor-version":[{"id":12222,"href":"https:\/\/agora.xtec.cat\/esc-santjordi-svmontalt\/wp-json\/wp\/v2\/posts\/10869\/revisions\/12222"}],"wp:attachment":[{"href":"https:\/\/agora.xtec.cat\/esc-santjordi-svmontalt\/wp-json\/wp\/v2\/media?parent=10869"}],"wp:term":[{"taxonomy":"category","embeddable":true,"href":"https:\/\/agora.xtec.cat\/esc-santjordi-svmontalt\/wp-json\/wp\/v2\/categories?post=10869"},{"taxonomy":"post_tag","embeddable":true,"href":"https:\/\/agora.xtec.cat\/esc-santjordi-svmontalt\/wp-json\/wp\/v2\/tags?post=10869"}],"curies":[{"name":"wp","href":"https:\/\/api.w.org\/{rel}","templated":true}]}}