{"id":10495,"date":"2022-10-03T11:15:16","date_gmt":"2022-10-03T09:15:16","guid":{"rendered":"https:\/\/agora.xtec.cat\/esc-santjordi-svmontalt\/?p=10495"},"modified":"2023-09-05T17:40:23","modified_gmt":"2023-09-05T15:40:23","slug":"5e-beethoven","status":"publish","type":"post","link":"https:\/\/agora.xtec.cat\/esc-santjordi-svmontalt\/especialitats\/musica\/5e-beethoven\/","title":{"rendered":"5\u00e8 &#8211; Beethoven"},"content":{"rendered":"<p>Aqu\u00ed tenim un v\u00eddeo que il\u00b7lustra la vida del compositor Beethoven. Amb l&#8217;alumnat de 5\u00e8 hem treballat una audici\u00f3 seva mitjan\u00e7ant musicogrames i percussi\u00f3 corporal.<\/p>\n<p><iframe loading=\"lazy\" title=\"Beethoven | Ilustrando Historia\" width=\"500\" height=\"281\" src=\"https:\/\/www.youtube.com\/embed\/A-Vg9bjM-OY?feature=oembed\" frameborder=\"0\" allow=\"accelerometer; autoplay; clipboard-write; encrypted-media; gyroscope; picture-in-picture; web-share\" referrerpolicy=\"strict-origin-when-cross-origin\" allowfullscreen><\/iframe><\/p>\n","protected":false},"excerpt":{"rendered":"<p>Aqu\u00ed tenim un v\u00eddeo que il\u00b7lustra la vida del compositor Beethoven. Amb l&#8217;alumnat de 5\u00e8 hem treballat una audici\u00f3 seva mitjan\u00e7ant musicogrames i percussi\u00f3 corporal.<\/p>\n","protected":false},"author":15,"featured_media":10497,"comment_status":"open","ping_status":"closed","sticky":false,"template":"","format":"standard","meta":{"_bbp_topic_count":0,"_bbp_reply_count":0,"_bbp_total_topic_count":0,"_bbp_total_reply_count":0,"_bbp_voice_count":0,"_bbp_anonymous_reply_count":0,"_bbp_topic_count_hidden":0,"_bbp_reply_count_hidden":0,"_bbp_forum_subforum_count":0,"footnotes":""},"categories":[62],"tags":[],"class_list":["post-10495","post","type-post","status-publish","format-standard","has-post-thumbnail","hentry","category-musica"],"post_mailing_queue_ids":[],"_links":{"self":[{"href":"https:\/\/agora.xtec.cat\/esc-santjordi-svmontalt\/wp-json\/wp\/v2\/posts\/10495","targetHints":{"allow":["GET"]}}],"collection":[{"href":"https:\/\/agora.xtec.cat\/esc-santjordi-svmontalt\/wp-json\/wp\/v2\/posts"}],"about":[{"href":"https:\/\/agora.xtec.cat\/esc-santjordi-svmontalt\/wp-json\/wp\/v2\/types\/post"}],"author":[{"embeddable":true,"href":"https:\/\/agora.xtec.cat\/esc-santjordi-svmontalt\/wp-json\/wp\/v2\/users\/15"}],"replies":[{"embeddable":true,"href":"https:\/\/agora.xtec.cat\/esc-santjordi-svmontalt\/wp-json\/wp\/v2\/comments?post=10495"}],"version-history":[{"count":1,"href":"https:\/\/agora.xtec.cat\/esc-santjordi-svmontalt\/wp-json\/wp\/v2\/posts\/10495\/revisions"}],"predecessor-version":[{"id":10496,"href":"https:\/\/agora.xtec.cat\/esc-santjordi-svmontalt\/wp-json\/wp\/v2\/posts\/10495\/revisions\/10496"}],"wp:featuredmedia":[{"embeddable":true,"href":"https:\/\/agora.xtec.cat\/esc-santjordi-svmontalt\/wp-json\/wp\/v2\/media\/10497"}],"wp:attachment":[{"href":"https:\/\/agora.xtec.cat\/esc-santjordi-svmontalt\/wp-json\/wp\/v2\/media?parent=10495"}],"wp:term":[{"taxonomy":"category","embeddable":true,"href":"https:\/\/agora.xtec.cat\/esc-santjordi-svmontalt\/wp-json\/wp\/v2\/categories?post=10495"},{"taxonomy":"post_tag","embeddable":true,"href":"https:\/\/agora.xtec.cat\/esc-santjordi-svmontalt\/wp-json\/wp\/v2\/tags?post=10495"}],"curies":[{"name":"wp","href":"https:\/\/api.w.org\/{rel}","templated":true}]}}