{"id":9473,"date":"2020-06-04T18:24:52","date_gmt":"2020-06-04T16:24:52","guid":{"rendered":"https:\/\/agora.xtec.cat\/esc-santgil\/?p=9473"},"modified":"2020-06-04T18:27:31","modified_gmt":"2020-06-04T16:27:31","slug":"17-ods-objectius-de-desenvolupament-sostenible","status":"publish","type":"post","link":"https:\/\/agora.xtec.cat\/esc-santgil\/e-verdes\/17-ods-objectius-de-desenvolupament-sostenible\/","title":{"rendered":"17 ODS, Objectius de desenvolupament sostenible"},"content":{"rendered":"<p>&nbsp;<\/p>\n<p><a href=\"https:\/\/agora.xtec.cat\/esc-santgil\/wp-content\/uploads\/usu98\/2020\/04\/ODS.png\"><img loading=\"lazy\" decoding=\"async\" class=\"alignnone size-full wp-image-8818\" src=\"https:\/\/agora.xtec.cat\/esc-santgil\/wp-content\/uploads\/usu98\/2020\/04\/ODS.png\" alt=\"\" width=\"900\" height=\"546\" \/><\/a><\/p>\n<p>&nbsp;<\/p>\n<p>Els 17\u00a0<strong>O<\/strong><strong>bjectius de\u00a0<\/strong><strong>D<\/strong><strong>esenvolupament\u00a0<\/strong><strong>S<\/strong><strong>ostenible (ODS)<\/strong>\u2013 objectius universals, integradors i ambiciosos- s\u00f3n els que guien la implementaci\u00f3 de l\u2019Agenda 2030 \u00a0de les Nacions Unides per al Desenvolupament Sostenible, aprovada el 25 de setembre del 2015.<\/p>\n<p><strong>Les tem\u00e0tiques<\/strong>\u00a0que aborden van des de\u00a0<strong>la pobresa, la fam, la pau, la salut, l\u2019educaci\u00f3, les desigualtats, la inclusi\u00f3, la prosperitat econ\u00f2mica, la protecci\u00f3 del planeta, la lluita contra el canvi clim\u00e0tic, les ciutats i els territoris, l\u2019energia, el consum i la producci\u00f3 sostenibles i la\u00a0<\/strong><strong>governan\u00e7a.<\/strong><\/p>\n<p>Per saber-ne m\u00e9s. <a href=\"http:\/\/mediambient.gencat.cat\/ca\/05_ambits_dactuacio\/educacio_i_sostenibilitat\/desenvolupament_sostenible\/agenda-2030-ods\/que-son-els-ods\/\">Clica AQU\u00cd\u00a0<\/a><\/p>\n","protected":false},"excerpt":{"rendered":"<p>&nbsp; &nbsp; Els 17\u00a0Objectius de\u00a0Desenvolupament\u00a0Sostenible (ODS)\u2013 objectius universals, integradors i ambiciosos- s\u00f3n els que guien la implementaci\u00f3 de l\u2019Agenda 2030 \u00a0de les Nacions Unides per al Desenvolupament Sostenible, aprovada el 25 de setembre del 2015. Les tem\u00e0tiques\u00a0que aborden van des de\u00a0la pobresa, la fam, la pau, la salut, l\u2019educaci\u00f3, les desigualtats, la inclusi\u00f3, la prosperitat [&hellip;]<\/p>\n","protected":false},"author":1,"featured_media":9474,"comment_status":"open","ping_status":"closed","sticky":false,"template":"","format":"standard","meta":{"_bbp_topic_count":0,"_bbp_reply_count":0,"_bbp_total_topic_count":0,"_bbp_total_reply_count":0,"_bbp_voice_count":0,"_bbp_anonymous_reply_count":0,"_bbp_topic_count_hidden":0,"_bbp_reply_count_hidden":0,"_bbp_forum_subforum_count":0,"site-sidebar-layout":"default","site-content-layout":"","ast-site-content-layout":"","site-content-style":"default","site-sidebar-style":"default","ast-global-header-display":"","ast-banner-title-visibility":"","ast-main-header-display":"","ast-hfb-above-header-display":"","ast-hfb-below-header-display":"","ast-hfb-mobile-header-display":"","site-post-title":"","ast-breadcrumbs-content":"","ast-featured-img":"","footer-sml-layout":"","theme-transparent-header-meta":"","adv-header-id-meta":"","stick-header-meta":"","header-above-stick-meta":"","header-main-stick-meta":"","header-below-stick-meta":"","astra-migrate-meta-layouts":"default","ast-page-background-enabled":"default","ast-page-background-meta":{"desktop":{"background-color":"var(--ast-global-color-4)","background-image":"","background-repeat":"repeat","background-position":"center center","background-size":"auto","background-attachment":"scroll","background-type":"","background-media":"","overlay-type":"","overlay-color":"","overlay-opacity":"","overlay-gradient":""},"tablet":{"background-color":"","background-image":"","background-repeat":"repeat","background-position":"center center","background-size":"auto","background-attachment":"scroll","background-type":"","background-media":"","overlay-type":"","overlay-color":"","overlay-opacity":"","overlay-gradient":""},"mobile":{"background-color":"","background-image":"","background-repeat":"repeat","background-position":"center center","background-size":"auto","background-attachment":"scroll","background-type":"","background-media":"","overlay-type":"","overlay-color":"","overlay-opacity":"","overlay-gradient":""}},"ast-content-background-meta":{"desktop":{"background-color":"var(--ast-global-color-5)","background-image":"","background-repeat":"repeat","background-position":"center center","background-size":"auto","background-attachment":"scroll","background-type":"","background-media":"","overlay-type":"","overlay-color":"","overlay-opacity":"","overlay-gradient":""},"tablet":{"background-color":"var(--ast-global-color-5)","background-image":"","background-repeat":"repeat","background-position":"center center","background-size":"auto","background-attachment":"scroll","background-type":"","background-media":"","overlay-type":"","overlay-color":"","overlay-opacity":"","overlay-gradient":""},"mobile":{"background-color":"var(--ast-global-color-5)","background-image":"","background-repeat":"repeat","background-position":"center center","background-size":"auto","background-attachment":"scroll","background-type":"","background-media":"","overlay-type":"","overlay-color":"","overlay-opacity":"","overlay-gradient":""}},"footnotes":""},"categories":[126],"tags":[648,647,323],"class_list":["post-9473","post","type-post","status-publish","format-standard","has-post-thumbnail","hentry","category-e-verdes","tag-agenda-2030","tag-ods","tag-sostenibilitat"],"post_mailing_queue_ids":[],"_links":{"self":[{"href":"https:\/\/agora.xtec.cat\/esc-santgil\/wp-json\/wp\/v2\/posts\/9473","targetHints":{"allow":["GET"]}}],"collection":[{"href":"https:\/\/agora.xtec.cat\/esc-santgil\/wp-json\/wp\/v2\/posts"}],"about":[{"href":"https:\/\/agora.xtec.cat\/esc-santgil\/wp-json\/wp\/v2\/types\/post"}],"author":[{"embeddable":true,"href":"https:\/\/agora.xtec.cat\/esc-santgil\/wp-json\/wp\/v2\/users\/1"}],"replies":[{"embeddable":true,"href":"https:\/\/agora.xtec.cat\/esc-santgil\/wp-json\/wp\/v2\/comments?post=9473"}],"version-history":[{"count":2,"href":"https:\/\/agora.xtec.cat\/esc-santgil\/wp-json\/wp\/v2\/posts\/9473\/revisions"}],"predecessor-version":[{"id":9476,"href":"https:\/\/agora.xtec.cat\/esc-santgil\/wp-json\/wp\/v2\/posts\/9473\/revisions\/9476"}],"wp:featuredmedia":[{"embeddable":true,"href":"https:\/\/agora.xtec.cat\/esc-santgil\/wp-json\/wp\/v2\/media\/9474"}],"wp:attachment":[{"href":"https:\/\/agora.xtec.cat\/esc-santgil\/wp-json\/wp\/v2\/media?parent=9473"}],"wp:term":[{"taxonomy":"category","embeddable":true,"href":"https:\/\/agora.xtec.cat\/esc-santgil\/wp-json\/wp\/v2\/categories?post=9473"},{"taxonomy":"post_tag","embeddable":true,"href":"https:\/\/agora.xtec.cat\/esc-santgil\/wp-json\/wp\/v2\/tags?post=9473"}],"curies":[{"name":"wp","href":"https:\/\/api.w.org\/{rel}","templated":true}]}}